{"id":2784,"date":"2017-11-30T19:22:51","date_gmt":"2017-11-30T17:22:51","guid":{"rendered":"http:\/\/www.werkrealschule-unterer-neckar.de\/?p=2784"},"modified":"2017-12-03T23:42:39","modified_gmt":"2017-12-03T21:42:39","slug":"die-kinder-haben-toll-mitgemacht","status":"publish","type":"post","link":"https:\/\/www.werkrealschule-unterer-neckar.de\/?p=2784","title":{"rendered":"&#8222;Die Kinder haben toll mitgemacht&#8220;"},"content":{"rendered":"<p class=\"nfy-ar-kicker\"><strong>Adventsbasar der Werkrealschule Unterer Neckar zum Abschluss der Projekttage<\/strong><\/p>\n<p class=\"ar-p\"><img loading=\"lazy\" decoding=\"async\" class=\"alignleft size-thumbnail wp-image-2863\" src=\"http:\/\/www.werkrealschule-unterer-neckar.de\/wp-content\/uploads\/2017\/11\/P1040037_01-150x150.jpg\" alt=\"\" width=\"150\" height=\"150\" \/>\u00a0Auch \u00d6mer und Sladan haben Schneem\u00e4nner gebacken: Zufrieden mit ihrem Werk aus Pfeffern\u00fcssen und Lebkuchen sitzen die beiden Zw\u00f6lfj\u00e4hrigen am Stand der Klasse 6b. &#8222;Es hat echt Spa\u00df gemacht&#8220;, sagt \u00d6mer im Gespr\u00e4ch mit dem &#8222;Mannheimer Morgen&#8220;. Und Klassenlehrerin Bettina Bechtel best\u00e4tigt: &#8222;Die Kinder waren alle flei\u00dfig und haben toll mitgemacht.&#8220; Und zwar bei Projekttagen zur Vorbereitung des Adventsbasars an der Werkrealschule Unterer Neckar (WUN), der Hunderte von Besuchern aus der ganzen Umgebung anlockte.<!--more--><\/p>\n<p class=\"ar-p\">Auch die Achtkl\u00e4sslerinnen Gofran und Sidra sind zufrieden: &#8222;Die Leute finden es gut&#8220;, freuen sich die M\u00e4dchen \u00fcber den Anklang, den ihre selbstgestalteten Syrien-Poster und selbstgekochten arabischen Gerichte finden. &#8222;Menschen auf dem Weg&#8220; hei\u00dft das Motto ihres Stands im SMV-Caf\u00e9. &#8222;Die Sch\u00fcler stellen ihre fr\u00fchere Heimat und ihren Weg hierher auf kreative Weise vor&#8220;, erkl\u00e4rt WUN-Rektor Thomas Schneider und f\u00fcgt hinzu: &#8222;Unterwegs auf der Suche nach Schutz: Das ist im Prinzip die traditionelle Weihnachtsgeschichte.&#8220;<\/p>\n<div id=\"metaslider-id-2785\" style=\"max-width: 600px;\" class=\"ml-slider-3-18-4 metaslider metaslider-nivo metaslider-2785 ml-slider\">\n    <div id=\"metaslider_container_2785\">\n        <div class='slider-wrapper theme-default'><div class='ribbon'><\/div><div id='metaslider_2785' class='nivoSlider'><img loading=\"lazy\" decoding=\"async\" width=\"4000\" height=\"3000\" src=\"https:\/\/www.werkrealschule-unterer-neckar.de\/wp-content\/uploads\/2017\/12\/P1030981.jpg\" class=\"slider-2785 slide-2824\" alt=\"\" data-caption=\"\" data-thumb=\"\" title=\"\" rel=\"\" srcset=\"https:\/\/www.werkrealschule-unterer-neckar.de\/wp-content\/uploads\/2017\/12\/P1030981.jpg 4000w, https:\/\/www.werkrealschule-unterer-neckar.de\/wp-content\/uploads\/2017\/12\/P1030981-300x225.jpg 300w, https:\/\/www.werkrealschule-unterer-neckar.de\/wp-content\/uploads\/2017\/12\/P1030981-768x576.jpg 768w, https:\/\/www.werkrealschule-unterer-neckar.de\/wp-content\/uploads\/2017\/12\/P1030981-400x300.jpg 400w\" sizes=\"auto, (max-width: 4000px) 100vw, 4000px\" \/><img loading=\"lazy\" decoding=\"async\" width=\"4000\" height=\"3000\" src=\"https:\/\/www.werkrealschule-unterer-neckar.de\/wp-content\/uploads\/2017\/12\/P1030984.jpg\" class=\"slider-2785 slide-2825\" alt=\"\" data-caption=\"\" data-thumb=\"\" title=\"\" rel=\"\" srcset=\"https:\/\/www.werkrealschule-unterer-neckar.de\/wp-content\/uploads\/2017\/12\/P1030984.jpg 4000w, https:\/\/www.werkrealschule-unterer-neckar.de\/wp-content\/uploads\/2017\/12\/P1030984-300x225.jpg 300w, https:\/\/www.werkrealschule-unterer-neckar.de\/wp-content\/uploads\/2017\/12\/P1030984-768x576.jpg 768w, https:\/\/www.werkrealschule-unterer-neckar.de\/wp-content\/uploads\/2017\/12\/P1030984-400x300.jpg 400w\" sizes=\"auto, (max-width: 4000px) 100vw, 4000px\" \/><img loading=\"lazy\" decoding=\"async\" width=\"4000\" height=\"3000\" src=\"https:\/\/www.werkrealschule-unterer-neckar.de\/wp-content\/uploads\/2017\/12\/P1030985.jpg\" class=\"slider-2785 slide-2826\" alt=\"\" data-caption=\"\" data-thumb=\"\" title=\"\" rel=\"\" srcset=\"https:\/\/www.werkrealschule-unterer-neckar.de\/wp-content\/uploads\/2017\/12\/P1030985.jpg 4000w, https:\/\/www.werkrealschule-unterer-neckar.de\/wp-content\/uploads\/2017\/12\/P1030985-300x225.jpg 300w, https:\/\/www.werkrealschule-unterer-neckar.de\/wp-content\/uploads\/2017\/12\/P1030985-768x576.jpg 768w, https:\/\/www.werkrealschule-unterer-neckar.de\/wp-content\/uploads\/2017\/12\/P1030985-400x300.jpg 400w\" sizes=\"auto, (max-width: 4000px) 100vw, 4000px\" \/><img loading=\"lazy\" decoding=\"async\" width=\"4000\" height=\"3000\" src=\"https:\/\/www.werkrealschule-unterer-neckar.de\/wp-content\/uploads\/2017\/12\/P1030987.jpg\" class=\"slider-2785 slide-2827\" alt=\"\" data-caption=\"\" data-thumb=\"\" title=\"\" rel=\"\" srcset=\"https:\/\/www.werkrealschule-unterer-neckar.de\/wp-content\/uploads\/2017\/12\/P1030987.jpg 4000w, https:\/\/www.werkrealschule-unterer-neckar.de\/wp-content\/uploads\/2017\/12\/P1030987-300x225.jpg 300w, https:\/\/www.werkrealschule-unterer-neckar.de\/wp-content\/uploads\/2017\/12\/P1030987-768x576.jpg 768w, https:\/\/www.werkrealschule-unterer-neckar.de\/wp-content\/uploads\/2017\/12\/P1030987-400x300.jpg 400w\" sizes=\"auto, (max-width: 4000px) 100vw, 4000px\" \/><img loading=\"lazy\" decoding=\"async\" width=\"4000\" height=\"3000\" src=\"https:\/\/www.werkrealschule-unterer-neckar.de\/wp-content\/uploads\/2017\/12\/P1030989.jpg\" class=\"slider-2785 slide-2828\" alt=\"\" data-caption=\"\" data-thumb=\"\" title=\"\" rel=\"\" srcset=\"https:\/\/www.werkrealschule-unterer-neckar.de\/wp-content\/uploads\/2017\/12\/P1030989.jpg 4000w, https:\/\/www.werkrealschule-unterer-neckar.de\/wp-content\/uploads\/2017\/12\/P1030989-300x225.jpg 300w, https:\/\/www.werkrealschule-unterer-neckar.de\/wp-content\/uploads\/2017\/12\/P1030989-768x576.jpg 768w, https:\/\/www.werkrealschule-unterer-neckar.de\/wp-content\/uploads\/2017\/12\/P1030989-400x300.jpg 400w\" sizes=\"auto, (max-width: 4000px) 100vw, 4000px\" \/><img loading=\"lazy\" decoding=\"async\" width=\"4000\" height=\"3000\" src=\"https:\/\/www.werkrealschule-unterer-neckar.de\/wp-content\/uploads\/2017\/12\/P1030990.jpg\" class=\"slider-2785 slide-2829\" alt=\"\" data-caption=\"\" data-thumb=\"\" title=\"\" rel=\"\" srcset=\"https:\/\/www.werkrealschule-unterer-neckar.de\/wp-content\/uploads\/2017\/12\/P1030990.jpg 4000w, https:\/\/www.werkrealschule-unterer-neckar.de\/wp-content\/uploads\/2017\/12\/P1030990-300x225.jpg 300w, https:\/\/www.werkrealschule-unterer-neckar.de\/wp-content\/uploads\/2017\/12\/P1030990-768x576.jpg 768w, https:\/\/www.werkrealschule-unterer-neckar.de\/wp-content\/uploads\/2017\/12\/P1030990-400x300.jpg 400w\" sizes=\"auto, (max-width: 4000px) 100vw, 4000px\" \/><img loading=\"lazy\" decoding=\"async\" width=\"4000\" height=\"3000\" src=\"https:\/\/www.werkrealschule-unterer-neckar.de\/wp-content\/uploads\/2017\/12\/P1030992.jpg\" class=\"slider-2785 slide-2830\" alt=\"\" data-caption=\"\" data-thumb=\"\" title=\"\" rel=\"\" srcset=\"https:\/\/www.werkrealschule-unterer-neckar.de\/wp-content\/uploads\/2017\/12\/P1030992.jpg 4000w, https:\/\/www.werkrealschule-unterer-neckar.de\/wp-content\/uploads\/2017\/12\/P1030992-300x225.jpg 300w, https:\/\/www.werkrealschule-unterer-neckar.de\/wp-content\/uploads\/2017\/12\/P1030992-768x576.jpg 768w, https:\/\/www.werkrealschule-unterer-neckar.de\/wp-content\/uploads\/2017\/12\/P1030992-400x300.jpg 400w\" sizes=\"auto, (max-width: 4000px) 100vw, 4000px\" \/><img loading=\"lazy\" decoding=\"async\" width=\"4000\" height=\"3000\" src=\"https:\/\/www.werkrealschule-unterer-neckar.de\/wp-content\/uploads\/2017\/12\/P1030993.jpg\" class=\"slider-2785 slide-2831\" alt=\"\" data-caption=\"\" data-thumb=\"\" title=\"\" rel=\"\" srcset=\"https:\/\/www.werkrealschule-unterer-neckar.de\/wp-content\/uploads\/2017\/12\/P1030993.jpg 4000w, https:\/\/www.werkrealschule-unterer-neckar.de\/wp-content\/uploads\/2017\/12\/P1030993-300x225.jpg 300w, https:\/\/www.werkrealschule-unterer-neckar.de\/wp-content\/uploads\/2017\/12\/P1030993-768x576.jpg 768w, https:\/\/www.werkrealschule-unterer-neckar.de\/wp-content\/uploads\/2017\/12\/P1030993-400x300.jpg 400w\" sizes=\"auto, (max-width: 4000px) 100vw, 4000px\" \/><img loading=\"lazy\" decoding=\"async\" width=\"4000\" height=\"3000\" src=\"https:\/\/www.werkrealschule-unterer-neckar.de\/wp-content\/uploads\/2017\/12\/P1030998.jpg\" class=\"slider-2785 slide-2832\" alt=\"\" data-caption=\"\" data-thumb=\"\" title=\"\" rel=\"\" srcset=\"https:\/\/www.werkrealschule-unterer-neckar.de\/wp-content\/uploads\/2017\/12\/P1030998.jpg 4000w, https:\/\/www.werkrealschule-unterer-neckar.de\/wp-content\/uploads\/2017\/12\/P1030998-300x225.jpg 300w, https:\/\/www.werkrealschule-unterer-neckar.de\/wp-content\/uploads\/2017\/12\/P1030998-768x576.jpg 768w, https:\/\/www.werkrealschule-unterer-neckar.de\/wp-content\/uploads\/2017\/12\/P1030998-400x300.jpg 400w\" sizes=\"auto, (max-width: 4000px) 100vw, 4000px\" \/><img loading=\"lazy\" decoding=\"async\" width=\"4000\" height=\"3000\" src=\"https:\/\/www.werkrealschule-unterer-neckar.de\/wp-content\/uploads\/2017\/12\/P1030999.jpg\" class=\"slider-2785 slide-2833\" alt=\"\" data-caption=\"\" data-thumb=\"\" title=\"\" rel=\"\" srcset=\"https:\/\/www.werkrealschule-unterer-neckar.de\/wp-content\/uploads\/2017\/12\/P1030999.jpg 4000w, https:\/\/www.werkrealschule-unterer-neckar.de\/wp-content\/uploads\/2017\/12\/P1030999-300x225.jpg 300w, https:\/\/www.werkrealschule-unterer-neckar.de\/wp-content\/uploads\/2017\/12\/P1030999-768x576.jpg 768w, https:\/\/www.werkrealschule-unterer-neckar.de\/wp-content\/uploads\/2017\/12\/P1030999-400x300.jpg 400w\" sizes=\"auto, (max-width: 4000px) 100vw, 4000px\" \/><img loading=\"lazy\" decoding=\"async\" width=\"4000\" height=\"3000\" src=\"https:\/\/www.werkrealschule-unterer-neckar.de\/wp-content\/uploads\/2017\/12\/P1040002.jpg\" class=\"slider-2785 slide-2834\" alt=\"\" data-caption=\"\" data-thumb=\"\" title=\"\" rel=\"\" srcset=\"https:\/\/www.werkrealschule-unterer-neckar.de\/wp-content\/uploads\/2017\/12\/P1040002.jpg 4000w, https:\/\/www.werkrealschule-unterer-neckar.de\/wp-content\/uploads\/2017\/12\/P1040002-300x225.jpg 300w, https:\/\/www.werkrealschule-unterer-neckar.de\/wp-content\/uploads\/2017\/12\/P1040002-768x576.jpg 768w, https:\/\/www.werkrealschule-unterer-neckar.de\/wp-content\/uploads\/2017\/12\/P1040002-400x300.jpg 400w\" sizes=\"auto, (max-width: 4000px) 100vw, 4000px\" \/><img loading=\"lazy\" decoding=\"async\" width=\"4000\" height=\"3000\" src=\"https:\/\/www.werkrealschule-unterer-neckar.de\/wp-content\/uploads\/2017\/12\/P1040003.jpg\" class=\"slider-2785 slide-2835\" alt=\"\" data-caption=\"\" data-thumb=\"\" title=\"\" rel=\"\" srcset=\"https:\/\/www.werkrealschule-unterer-neckar.de\/wp-content\/uploads\/2017\/12\/P1040003.jpg 4000w, https:\/\/www.werkrealschule-unterer-neckar.de\/wp-content\/uploads\/2017\/12\/P1040003-300x225.jpg 300w, https:\/\/www.werkrealschule-unterer-neckar.de\/wp-content\/uploads\/2017\/12\/P1040003-768x576.jpg 768w, https:\/\/www.werkrealschule-unterer-neckar.de\/wp-content\/uploads\/2017\/12\/P1040003-400x300.jpg 400w\" sizes=\"auto, (max-width: 4000px) 100vw, 4000px\" \/><img loading=\"lazy\" decoding=\"async\" width=\"4000\" height=\"3000\" src=\"https:\/\/www.werkrealschule-unterer-neckar.de\/wp-content\/uploads\/2017\/12\/P1040004.jpg\" class=\"slider-2785 slide-2836\" alt=\"\" data-caption=\"\" data-thumb=\"\" title=\"\" rel=\"\" srcset=\"https:\/\/www.werkrealschule-unterer-neckar.de\/wp-content\/uploads\/2017\/12\/P1040004.jpg 4000w, https:\/\/www.werkrealschule-unterer-neckar.de\/wp-content\/uploads\/2017\/12\/P1040004-300x225.jpg 300w, https:\/\/www.werkrealschule-unterer-neckar.de\/wp-content\/uploads\/2017\/12\/P1040004-768x576.jpg 768w, https:\/\/www.werkrealschule-unterer-neckar.de\/wp-content\/uploads\/2017\/12\/P1040004-400x300.jpg 400w\" sizes=\"auto, (max-width: 4000px) 100vw, 4000px\" \/><img loading=\"lazy\" decoding=\"async\" width=\"4000\" height=\"3000\" src=\"https:\/\/www.werkrealschule-unterer-neckar.de\/wp-content\/uploads\/2017\/12\/P1040009.jpg\" class=\"slider-2785 slide-2837\" alt=\"\" data-caption=\"\" data-thumb=\"\" title=\"\" rel=\"\" srcset=\"https:\/\/www.werkrealschule-unterer-neckar.de\/wp-content\/uploads\/2017\/12\/P1040009.jpg 4000w, https:\/\/www.werkrealschule-unterer-neckar.de\/wp-content\/uploads\/2017\/12\/P1040009-300x225.jpg 300w, https:\/\/www.werkrealschule-unterer-neckar.de\/wp-content\/uploads\/2017\/12\/P1040009-768x576.jpg 768w, https:\/\/www.werkrealschule-unterer-neckar.de\/wp-content\/uploads\/2017\/12\/P1040009-400x300.jpg 400w\" sizes=\"auto, (max-width: 4000px) 100vw, 4000px\" \/><img loading=\"lazy\" decoding=\"async\" width=\"4000\" height=\"3000\" src=\"https:\/\/www.werkrealschule-unterer-neckar.de\/wp-content\/uploads\/2017\/12\/P1040010.jpg\" class=\"slider-2785 slide-2838\" alt=\"\" data-caption=\"\" data-thumb=\"\" title=\"\" rel=\"\" srcset=\"https:\/\/www.werkrealschule-unterer-neckar.de\/wp-content\/uploads\/2017\/12\/P1040010.jpg 4000w, https:\/\/www.werkrealschule-unterer-neckar.de\/wp-content\/uploads\/2017\/12\/P1040010-300x225.jpg 300w, https:\/\/www.werkrealschule-unterer-neckar.de\/wp-content\/uploads\/2017\/12\/P1040010-768x576.jpg 768w, https:\/\/www.werkrealschule-unterer-neckar.de\/wp-content\/uploads\/2017\/12\/P1040010-400x300.jpg 400w\" sizes=\"auto, (max-width: 4000px) 100vw, 4000px\" \/><img loading=\"lazy\" decoding=\"async\" width=\"4000\" height=\"3000\" src=\"https:\/\/www.werkrealschule-unterer-neckar.de\/wp-content\/uploads\/2017\/12\/P1040013.jpg\" class=\"slider-2785 slide-2839\" alt=\"\" data-caption=\"\" data-thumb=\"\" title=\"\" rel=\"\" srcset=\"https:\/\/www.werkrealschule-unterer-neckar.de\/wp-content\/uploads\/2017\/12\/P1040013.jpg 4000w, https:\/\/www.werkrealschule-unterer-neckar.de\/wp-content\/uploads\/2017\/12\/P1040013-300x225.jpg 300w, https:\/\/www.werkrealschule-unterer-neckar.de\/wp-content\/uploads\/2017\/12\/P1040013-768x576.jpg 768w, https:\/\/www.werkrealschule-unterer-neckar.de\/wp-content\/uploads\/2017\/12\/P1040013-400x300.jpg 400w\" sizes=\"auto, (max-width: 4000px) 100vw, 4000px\" \/><img loading=\"lazy\" decoding=\"async\" width=\"4000\" height=\"3000\" src=\"https:\/\/www.werkrealschule-unterer-neckar.de\/wp-content\/uploads\/2017\/12\/P1040015.jpg\" class=\"slider-2785 slide-2840\" alt=\"\" data-caption=\"\" data-thumb=\"\" title=\"\" rel=\"\" srcset=\"https:\/\/www.werkrealschule-unterer-neckar.de\/wp-content\/uploads\/2017\/12\/P1040015.jpg 4000w, https:\/\/www.werkrealschule-unterer-neckar.de\/wp-content\/uploads\/2017\/12\/P1040015-300x225.jpg 300w, https:\/\/www.werkrealschule-unterer-neckar.de\/wp-content\/uploads\/2017\/12\/P1040015-768x576.jpg 768w, https:\/\/www.werkrealschule-unterer-neckar.de\/wp-content\/uploads\/2017\/12\/P1040015-400x300.jpg 400w\" sizes=\"auto, (max-width: 4000px) 100vw, 4000px\" \/><img loading=\"lazy\" decoding=\"async\" width=\"4000\" height=\"3000\" src=\"https:\/\/www.werkrealschule-unterer-neckar.de\/wp-content\/uploads\/2017\/12\/P1040022.jpg\" class=\"slider-2785 slide-2841\" alt=\"\" data-caption=\"\" data-thumb=\"\" title=\"\" rel=\"\" srcset=\"https:\/\/www.werkrealschule-unterer-neckar.de\/wp-content\/uploads\/2017\/12\/P1040022.jpg 4000w, https:\/\/www.werkrealschule-unterer-neckar.de\/wp-content\/uploads\/2017\/12\/P1040022-300x225.jpg 300w, https:\/\/www.werkrealschule-unterer-neckar.de\/wp-content\/uploads\/2017\/12\/P1040022-768x576.jpg 768w, https:\/\/www.werkrealschule-unterer-neckar.de\/wp-content\/uploads\/2017\/12\/P1040022-400x300.jpg 400w\" sizes=\"auto, (max-width: 4000px) 100vw, 4000px\" \/><img loading=\"lazy\" decoding=\"async\" width=\"4000\" height=\"3000\" src=\"https:\/\/www.werkrealschule-unterer-neckar.de\/wp-content\/uploads\/2017\/12\/P1040023.jpg\" class=\"slider-2785 slide-2842\" alt=\"\" data-caption=\"\" data-thumb=\"\" title=\"\" rel=\"\" srcset=\"https:\/\/www.werkrealschule-unterer-neckar.de\/wp-content\/uploads\/2017\/12\/P1040023.jpg 4000w, https:\/\/www.werkrealschule-unterer-neckar.de\/wp-content\/uploads\/2017\/12\/P1040023-300x225.jpg 300w, https:\/\/www.werkrealschule-unterer-neckar.de\/wp-content\/uploads\/2017\/12\/P1040023-768x576.jpg 768w, https:\/\/www.werkrealschule-unterer-neckar.de\/wp-content\/uploads\/2017\/12\/P1040023-400x300.jpg 400w\" sizes=\"auto, (max-width: 4000px) 100vw, 4000px\" \/><img loading=\"lazy\" decoding=\"async\" width=\"4000\" height=\"3000\" src=\"https:\/\/www.werkrealschule-unterer-neckar.de\/wp-content\/uploads\/2017\/12\/P1040026.jpg\" class=\"slider-2785 slide-2843\" alt=\"\" data-caption=\"\" data-thumb=\"\" title=\"\" rel=\"\" srcset=\"https:\/\/www.werkrealschule-unterer-neckar.de\/wp-content\/uploads\/2017\/12\/P1040026.jpg 4000w, https:\/\/www.werkrealschule-unterer-neckar.de\/wp-content\/uploads\/2017\/12\/P1040026-300x225.jpg 300w, https:\/\/www.werkrealschule-unterer-neckar.de\/wp-content\/uploads\/2017\/12\/P1040026-768x576.jpg 768w, https:\/\/www.werkrealschule-unterer-neckar.de\/wp-content\/uploads\/2017\/12\/P1040026-400x300.jpg 400w\" sizes=\"auto, (max-width: 4000px) 100vw, 4000px\" \/><img loading=\"lazy\" decoding=\"async\" width=\"4000\" height=\"3000\" src=\"https:\/\/www.werkrealschule-unterer-neckar.de\/wp-content\/uploads\/2017\/12\/P1040028.jpg\" class=\"slider-2785 slide-2844\" alt=\"\" data-caption=\"\" data-thumb=\"\" title=\"\" rel=\"\" srcset=\"https:\/\/www.werkrealschule-unterer-neckar.de\/wp-content\/uploads\/2017\/12\/P1040028.jpg 4000w, https:\/\/www.werkrealschule-unterer-neckar.de\/wp-content\/uploads\/2017\/12\/P1040028-300x225.jpg 300w, https:\/\/www.werkrealschule-unterer-neckar.de\/wp-content\/uploads\/2017\/12\/P1040028-768x576.jpg 768w, https:\/\/www.werkrealschule-unterer-neckar.de\/wp-content\/uploads\/2017\/12\/P1040028-400x300.jpg 400w\" sizes=\"auto, (max-width: 4000px) 100vw, 4000px\" \/><img loading=\"lazy\" decoding=\"async\" width=\"4000\" height=\"3000\" src=\"https:\/\/www.werkrealschule-unterer-neckar.de\/wp-content\/uploads\/2017\/12\/P1040029.jpg\" class=\"slider-2785 slide-2845\" alt=\"\" data-caption=\"\" data-thumb=\"\" title=\"\" rel=\"\" srcset=\"https:\/\/www.werkrealschule-unterer-neckar.de\/wp-content\/uploads\/2017\/12\/P1040029.jpg 4000w, https:\/\/www.werkrealschule-unterer-neckar.de\/wp-content\/uploads\/2017\/12\/P1040029-300x225.jpg 300w, https:\/\/www.werkrealschule-unterer-neckar.de\/wp-content\/uploads\/2017\/12\/P1040029-768x576.jpg 768w, https:\/\/www.werkrealschule-unterer-neckar.de\/wp-content\/uploads\/2017\/12\/P1040029-400x300.jpg 400w\" sizes=\"auto, (max-width: 4000px) 100vw, 4000px\" \/><img loading=\"lazy\" decoding=\"async\" width=\"4000\" height=\"3000\" src=\"https:\/\/www.werkrealschule-unterer-neckar.de\/wp-content\/uploads\/2017\/12\/P1040030.jpg\" class=\"slider-2785 slide-2846\" alt=\"\" data-caption=\"\" data-thumb=\"\" title=\"\" rel=\"\" srcset=\"https:\/\/www.werkrealschule-unterer-neckar.de\/wp-content\/uploads\/2017\/12\/P1040030.jpg 4000w, https:\/\/www.werkrealschule-unterer-neckar.de\/wp-content\/uploads\/2017\/12\/P1040030-300x225.jpg 300w, https:\/\/www.werkrealschule-unterer-neckar.de\/wp-content\/uploads\/2017\/12\/P1040030-768x576.jpg 768w, https:\/\/www.werkrealschule-unterer-neckar.de\/wp-content\/uploads\/2017\/12\/P1040030-400x300.jpg 400w\" sizes=\"auto, (max-width: 4000px) 100vw, 4000px\" \/><img loading=\"lazy\" decoding=\"async\" width=\"4000\" height=\"3000\" src=\"https:\/\/www.werkrealschule-unterer-neckar.de\/wp-content\/uploads\/2017\/12\/P1040034.jpg\" class=\"slider-2785 slide-2847\" alt=\"\" data-caption=\"\" data-thumb=\"\" title=\"\" rel=\"\" srcset=\"https:\/\/www.werkrealschule-unterer-neckar.de\/wp-content\/uploads\/2017\/12\/P1040034.jpg 4000w, https:\/\/www.werkrealschule-unterer-neckar.de\/wp-content\/uploads\/2017\/12\/P1040034-300x225.jpg 300w, https:\/\/www.werkrealschule-unterer-neckar.de\/wp-content\/uploads\/2017\/12\/P1040034-768x576.jpg 768w, https:\/\/www.werkrealschule-unterer-neckar.de\/wp-content\/uploads\/2017\/12\/P1040034-400x300.jpg 400w\" sizes=\"auto, (max-width: 4000px) 100vw, 4000px\" \/><img loading=\"lazy\" decoding=\"async\" width=\"4000\" height=\"3000\" src=\"https:\/\/www.werkrealschule-unterer-neckar.de\/wp-content\/uploads\/2017\/12\/P1040037.jpg\" class=\"slider-2785 slide-2848\" alt=\"\" data-caption=\"\" data-thumb=\"\" title=\"\" rel=\"\" srcset=\"https:\/\/www.werkrealschule-unterer-neckar.de\/wp-content\/uploads\/2017\/12\/P1040037.jpg 4000w, https:\/\/www.werkrealschule-unterer-neckar.de\/wp-content\/uploads\/2017\/12\/P1040037-300x225.jpg 300w, https:\/\/www.werkrealschule-unterer-neckar.de\/wp-content\/uploads\/2017\/12\/P1040037-768x576.jpg 768w, https:\/\/www.werkrealschule-unterer-neckar.de\/wp-content\/uploads\/2017\/12\/P1040037-400x300.jpg 400w\" sizes=\"auto, (max-width: 4000px) 100vw, 4000px\" \/><img loading=\"lazy\" decoding=\"async\" width=\"4000\" height=\"3000\" src=\"https:\/\/www.werkrealschule-unterer-neckar.de\/wp-content\/uploads\/2017\/12\/P1040042.jpg\" class=\"slider-2785 slide-2849\" alt=\"\" data-caption=\"\" data-thumb=\"\" title=\"\" rel=\"\" srcset=\"https:\/\/www.werkrealschule-unterer-neckar.de\/wp-content\/uploads\/2017\/12\/P1040042.jpg 4000w, https:\/\/www.werkrealschule-unterer-neckar.de\/wp-content\/uploads\/2017\/12\/P1040042-300x225.jpg 300w, https:\/\/www.werkrealschule-unterer-neckar.de\/wp-content\/uploads\/2017\/12\/P1040042-768x576.jpg 768w, https:\/\/www.werkrealschule-unterer-neckar.de\/wp-content\/uploads\/2017\/12\/P1040042-400x300.jpg 400w\" sizes=\"auto, (max-width: 4000px) 100vw, 4000px\" \/><img loading=\"lazy\" decoding=\"async\" width=\"4000\" height=\"3000\" src=\"https:\/\/www.werkrealschule-unterer-neckar.de\/wp-content\/uploads\/2017\/12\/P1040052.jpg\" class=\"slider-2785 slide-2850\" alt=\"\" data-caption=\"\" data-thumb=\"\" title=\"\" rel=\"\" srcset=\"https:\/\/www.werkrealschule-unterer-neckar.de\/wp-content\/uploads\/2017\/12\/P1040052.jpg 4000w, https:\/\/www.werkrealschule-unterer-neckar.de\/wp-content\/uploads\/2017\/12\/P1040052-300x225.jpg 300w, https:\/\/www.werkrealschule-unterer-neckar.de\/wp-content\/uploads\/2017\/12\/P1040052-768x576.jpg 768w, https:\/\/www.werkrealschule-unterer-neckar.de\/wp-content\/uploads\/2017\/12\/P1040052-400x300.jpg 400w\" sizes=\"auto, (max-width: 4000px) 100vw, 4000px\" \/><img loading=\"lazy\" decoding=\"async\" width=\"4000\" height=\"3000\" src=\"https:\/\/www.werkrealschule-unterer-neckar.de\/wp-content\/uploads\/2017\/12\/P1040054.jpg\" class=\"slider-2785 slide-2851\" alt=\"\" data-caption=\"\" data-thumb=\"\" title=\"\" rel=\"\" srcset=\"https:\/\/www.werkrealschule-unterer-neckar.de\/wp-content\/uploads\/2017\/12\/P1040054.jpg 4000w, https:\/\/www.werkrealschule-unterer-neckar.de\/wp-content\/uploads\/2017\/12\/P1040054-300x225.jpg 300w, https:\/\/www.werkrealschule-unterer-neckar.de\/wp-content\/uploads\/2017\/12\/P1040054-768x576.jpg 768w, https:\/\/www.werkrealschule-unterer-neckar.de\/wp-content\/uploads\/2017\/12\/P1040054-400x300.jpg 400w\" sizes=\"auto, (max-width: 4000px) 100vw, 4000px\" \/><img loading=\"lazy\" decoding=\"async\" width=\"4000\" height=\"3000\" src=\"https:\/\/www.werkrealschule-unterer-neckar.de\/wp-content\/uploads\/2017\/12\/P1040056.jpg\" class=\"slider-2785 slide-2852\" alt=\"\" data-caption=\"\" data-thumb=\"\" title=\"\" rel=\"\" srcset=\"https:\/\/www.werkrealschule-unterer-neckar.de\/wp-content\/uploads\/2017\/12\/P1040056.jpg 4000w, https:\/\/www.werkrealschule-unterer-neckar.de\/wp-content\/uploads\/2017\/12\/P1040056-300x225.jpg 300w, https:\/\/www.werkrealschule-unterer-neckar.de\/wp-content\/uploads\/2017\/12\/P1040056-768x576.jpg 768w, https:\/\/www.werkrealschule-unterer-neckar.de\/wp-content\/uploads\/2017\/12\/P1040056-400x300.jpg 400w\" sizes=\"auto, (max-width: 4000px) 100vw, 4000px\" \/><img loading=\"lazy\" decoding=\"async\" width=\"4000\" height=\"3000\" src=\"https:\/\/www.werkrealschule-unterer-neckar.de\/wp-content\/uploads\/2017\/12\/P1040067.jpg\" class=\"slider-2785 slide-2853\" alt=\"\" data-caption=\"\" data-thumb=\"\" title=\"\" rel=\"\" srcset=\"https:\/\/www.werkrealschule-unterer-neckar.de\/wp-content\/uploads\/2017\/12\/P1040067.jpg 4000w, https:\/\/www.werkrealschule-unterer-neckar.de\/wp-content\/uploads\/2017\/12\/P1040067-300x225.jpg 300w, https:\/\/www.werkrealschule-unterer-neckar.de\/wp-content\/uploads\/2017\/12\/P1040067-768x576.jpg 768w, https:\/\/www.werkrealschule-unterer-neckar.de\/wp-content\/uploads\/2017\/12\/P1040067-400x300.jpg 400w\" sizes=\"auto, (max-width: 4000px) 100vw, 4000px\" \/><img loading=\"lazy\" decoding=\"async\" width=\"4000\" height=\"3000\" src=\"https:\/\/www.werkrealschule-unterer-neckar.de\/wp-content\/uploads\/2017\/12\/P1040069.jpg\" class=\"slider-2785 slide-2854\" alt=\"\" data-caption=\"\" data-thumb=\"\" title=\"\" rel=\"\" srcset=\"https:\/\/www.werkrealschule-unterer-neckar.de\/wp-content\/uploads\/2017\/12\/P1040069.jpg 4000w, https:\/\/www.werkrealschule-unterer-neckar.de\/wp-content\/uploads\/2017\/12\/P1040069-300x225.jpg 300w, https:\/\/www.werkrealschule-unterer-neckar.de\/wp-content\/uploads\/2017\/12\/P1040069-768x576.jpg 768w, https:\/\/www.werkrealschule-unterer-neckar.de\/wp-content\/uploads\/2017\/12\/P1040069-400x300.jpg 400w\" sizes=\"auto, (max-width: 4000px) 100vw, 4000px\" \/><img loading=\"lazy\" decoding=\"async\" width=\"4000\" height=\"3000\" src=\"https:\/\/www.werkrealschule-unterer-neckar.de\/wp-content\/uploads\/2017\/12\/P1040074.jpg\" class=\"slider-2785 slide-2855\" alt=\"\" data-caption=\"\" data-thumb=\"\" title=\"\" rel=\"\" srcset=\"https:\/\/www.werkrealschule-unterer-neckar.de\/wp-content\/uploads\/2017\/12\/P1040074.jpg 4000w, https:\/\/www.werkrealschule-unterer-neckar.de\/wp-content\/uploads\/2017\/12\/P1040074-300x225.jpg 300w, https:\/\/www.werkrealschule-unterer-neckar.de\/wp-content\/uploads\/2017\/12\/P1040074-768x576.jpg 768w, https:\/\/www.werkrealschule-unterer-neckar.de\/wp-content\/uploads\/2017\/12\/P1040074-400x300.jpg 400w\" sizes=\"auto, (max-width: 4000px) 100vw, 4000px\" \/><img loading=\"lazy\" decoding=\"async\" width=\"4000\" height=\"3000\" src=\"https:\/\/www.werkrealschule-unterer-neckar.de\/wp-content\/uploads\/2017\/12\/P1040077.jpg\" class=\"slider-2785 slide-2856\" alt=\"\" data-caption=\"\" data-thumb=\"\" title=\"\" rel=\"\" srcset=\"https:\/\/www.werkrealschule-unterer-neckar.de\/wp-content\/uploads\/2017\/12\/P1040077.jpg 4000w, https:\/\/www.werkrealschule-unterer-neckar.de\/wp-content\/uploads\/2017\/12\/P1040077-300x225.jpg 300w, https:\/\/www.werkrealschule-unterer-neckar.de\/wp-content\/uploads\/2017\/12\/P1040077-768x576.jpg 768w, https:\/\/www.werkrealschule-unterer-neckar.de\/wp-content\/uploads\/2017\/12\/P1040077-400x300.jpg 400w\" sizes=\"auto, (max-width: 4000px) 100vw, 4000px\" \/><img loading=\"lazy\" decoding=\"async\" width=\"4000\" height=\"3000\" src=\"https:\/\/www.werkrealschule-unterer-neckar.de\/wp-content\/uploads\/2017\/12\/P1040079.jpg\" class=\"slider-2785 slide-2857\" alt=\"\" data-caption=\"\" data-thumb=\"\" title=\"\" rel=\"\" srcset=\"https:\/\/www.werkrealschule-unterer-neckar.de\/wp-content\/uploads\/2017\/12\/P1040079.jpg 4000w, https:\/\/www.werkrealschule-unterer-neckar.de\/wp-content\/uploads\/2017\/12\/P1040079-300x225.jpg 300w, https:\/\/www.werkrealschule-unterer-neckar.de\/wp-content\/uploads\/2017\/12\/P1040079-768x576.jpg 768w, https:\/\/www.werkrealschule-unterer-neckar.de\/wp-content\/uploads\/2017\/12\/P1040079-400x300.jpg 400w\" sizes=\"auto, (max-width: 4000px) 100vw, 4000px\" \/><img loading=\"lazy\" decoding=\"async\" width=\"4000\" height=\"3000\" src=\"https:\/\/www.werkrealschule-unterer-neckar.de\/wp-content\/uploads\/2017\/12\/P1040088.jpg\" class=\"slider-2785 slide-2858\" alt=\"\" data-caption=\"\" data-thumb=\"\" title=\"\" rel=\"\" srcset=\"https:\/\/www.werkrealschule-unterer-neckar.de\/wp-content\/uploads\/2017\/12\/P1040088.jpg 4000w, https:\/\/www.werkrealschule-unterer-neckar.de\/wp-content\/uploads\/2017\/12\/P1040088-300x225.jpg 300w, https:\/\/www.werkrealschule-unterer-neckar.de\/wp-content\/uploads\/2017\/12\/P1040088-768x576.jpg 768w, https:\/\/www.werkrealschule-unterer-neckar.de\/wp-content\/uploads\/2017\/12\/P1040088-400x300.jpg 400w\" sizes=\"auto, (max-width: 4000px) 100vw, 4000px\" \/><img loading=\"lazy\" decoding=\"async\" width=\"4000\" height=\"3000\" src=\"https:\/\/www.werkrealschule-unterer-neckar.de\/wp-content\/uploads\/2017\/12\/P1040089.jpg\" class=\"slider-2785 slide-2859\" alt=\"\" data-caption=\"\" data-thumb=\"\" title=\"\" rel=\"\" srcset=\"https:\/\/www.werkrealschule-unterer-neckar.de\/wp-content\/uploads\/2017\/12\/P1040089.jpg 4000w, https:\/\/www.werkrealschule-unterer-neckar.de\/wp-content\/uploads\/2017\/12\/P1040089-300x225.jpg 300w, https:\/\/www.werkrealschule-unterer-neckar.de\/wp-content\/uploads\/2017\/12\/P1040089-768x576.jpg 768w, https:\/\/www.werkrealschule-unterer-neckar.de\/wp-content\/uploads\/2017\/12\/P1040089-400x300.jpg 400w\" sizes=\"auto, (max-width: 4000px) 100vw, 4000px\" \/><img loading=\"lazy\" decoding=\"async\" width=\"4000\" height=\"3000\" src=\"https:\/\/www.werkrealschule-unterer-neckar.de\/wp-content\/uploads\/2017\/12\/P1040106.jpg\" class=\"slider-2785 slide-2860\" alt=\"\" data-caption=\"\" data-thumb=\"\" title=\"\" rel=\"\" srcset=\"https:\/\/www.werkrealschule-unterer-neckar.de\/wp-content\/uploads\/2017\/12\/P1040106.jpg 4000w, https:\/\/www.werkrealschule-unterer-neckar.de\/wp-content\/uploads\/2017\/12\/P1040106-300x225.jpg 300w, https:\/\/www.werkrealschule-unterer-neckar.de\/wp-content\/uploads\/2017\/12\/P1040106-768x576.jpg 768w, https:\/\/www.werkrealschule-unterer-neckar.de\/wp-content\/uploads\/2017\/12\/P1040106-400x300.jpg 400w\" sizes=\"auto, (max-width: 4000px) 100vw, 4000px\" \/><img loading=\"lazy\" decoding=\"async\" width=\"4000\" height=\"3000\" src=\"https:\/\/www.werkrealschule-unterer-neckar.de\/wp-content\/uploads\/2017\/12\/P1040123.jpg\" class=\"slider-2785 slide-2861\" alt=\"\" data-caption=\"\" data-thumb=\"\" title=\"\" rel=\"\" srcset=\"https:\/\/www.werkrealschule-unterer-neckar.de\/wp-content\/uploads\/2017\/12\/P1040123.jpg 4000w, https:\/\/www.werkrealschule-unterer-neckar.de\/wp-content\/uploads\/2017\/12\/P1040123-300x225.jpg 300w, https:\/\/www.werkrealschule-unterer-neckar.de\/wp-content\/uploads\/2017\/12\/P1040123-768x576.jpg 768w, https:\/\/www.werkrealschule-unterer-neckar.de\/wp-content\/uploads\/2017\/12\/P1040123-400x300.jpg 400w\" sizes=\"auto, (max-width: 4000px) 100vw, 4000px\" \/><\/div><\/div>\n        \n    <\/div>\n<\/div>\n<div id=\"traffective-ad-Rollover\" class=\"nfy-ad-unit Rollover trf-declaration-container\" data-google-query-id=\"CPG3pLmt7tcCFY0N0wodG0wI4A\">\n<div id=\"google_ads_iframe_\/45179944\/Rollover_0__container__\">\n<div id=\"plista_widget_outstream_5a2432bd967d550\" class=\"plista_widget_outstream\" data-display=\"\">\n<div class=\"plistaList\">Insgesamt 40 Kinder aus verschiedenen Herkunftsl\u00e4ndern besuchen drei Vorbereitungsklassen an der rund 230-k\u00f6pfigen Werkrealschule Unterer Neckar mit dem Ziel, in die regul\u00e4ren Klassen aufgenommen zu werden. &#8222;Wir leben das wie selbstverst\u00e4ndlich, und das klappt seit Jahren reibungslos&#8220;, betont Schneider. Das Schulamt stelle auch ausreichend Ressourcen zur Verf\u00fcgung.<\/div>\n<div class=\"plistaList\">&#8222;Ich bin sehr froh, dass unser Basar in dieser stimmungsvollen Atmosph\u00e4re, der in Projekttage eingebettet ist, so gut angenommen wird&#8220;, sagt Thomas Schneider. Man sehe hier, dass das Konzept der gebundenen Ganztagsschule greife. Einem guten Zweck dient der Erl\u00f6s des Basars. (<i>Quelle Text: Peter Jaschke, Mannheimer Morgen; Quelle Bilder: WRS Unterer Neckar, Online-Redaktion)<br \/>\n<\/i><\/div>\n<\/div>\n<\/div>\n<\/div>\n","protected":false},"excerpt":{"rendered":"<p>Adventsbasar der Werkrealschule Unterer Neckar zum Abschluss der Projekttage \u00a0Auch \u00d6mer und Sladan haben Schneem\u00e4nner gebacken: Zufrieden mit ihrem Werk aus Pfeffern\u00fcssen und Lebkuchen sitzen die beiden Zw\u00f6lfj\u00e4hrigen am Stand der Klasse 6b. &#8222;Es hat echt Spa\u00df gemacht&#8220;, sagt \u00d6mer im Gespr\u00e4ch mit dem &#8222;Mannheimer Morgen&#8220;. Und Klassenlehrerin Bettina Bechtel best\u00e4tigt: &#8222;Die Kinder waren alle [&hellip;]<\/p>\n","protected":false},"author":4,"featured_media":0,"comment_status":"closed","ping_status":"closed","sticky":false,"template":"","format":"standard","meta":{"footnotes":""},"categories":[4],"tags":[],"class_list":["post-2784","post","type-post","status-publish","format-standard","hentry","category-pressespiegel"],"_links":{"self":[{"href":"https:\/\/www.werkrealschule-unterer-neckar.de\/index.php?rest_route=\/wp\/v2\/posts\/2784","targetHints":{"allow":["GET"]}}],"collection":[{"href":"https:\/\/www.werkrealschule-unterer-neckar.de\/index.php?rest_route=\/wp\/v2\/posts"}],"about":[{"href":"https:\/\/www.werkrealschule-unterer-neckar.de\/index.php?rest_route=\/wp\/v2\/types\/post"}],"author":[{"embeddable":true,"href":"https:\/\/www.werkrealschule-unterer-neckar.de\/index.php?rest_route=\/wp\/v2\/users\/4"}],"replies":[{"embeddable":true,"href":"https:\/\/www.werkrealschule-unterer-neckar.de\/index.php?rest_route=%2Fwp%2Fv2%2Fcomments&post=2784"}],"version-history":[{"count":0,"href":"https:\/\/www.werkrealschule-unterer-neckar.de\/index.php?rest_route=\/wp\/v2\/posts\/2784\/revisions"}],"wp:attachment":[{"href":"https:\/\/www.werkrealschule-unterer-neckar.de\/index.php?rest_route=%2Fwp%2Fv2%2Fmedia&parent=2784"}],"wp:term":[{"taxonomy":"category","embeddable":true,"href":"https:\/\/www.werkrealschule-unterer-neckar.de\/index.php?rest_route=%2Fwp%2Fv2%2Fcategories&post=2784"},{"taxonomy":"post_tag","embeddable":true,"href":"https:\/\/www.werkrealschule-unterer-neckar.de\/index.php?rest_route=%2Fwp%2Fv2%2Ftags&post=2784"}],"curies":[{"name":"wp","href":"https:\/\/api.w.org\/{rel}","templated":true}]}}