{"id":2870,"date":"2017-11-30T22:01:05","date_gmt":"2017-11-30T20:01:05","guid":{"rendered":"http:\/\/www.werkrealschule-unterer-neckar.de\/?p=2870"},"modified":"2017-12-09T22:03:39","modified_gmt":"2017-12-09T20:03:39","slug":"kinder-sind-bei-uns-gut-angekommen","status":"publish","type":"post","link":"https:\/\/www.werkrealschule-unterer-neckar.de\/?p=2870","title":{"rendered":"\u201eKinder sind bei uns gut angekommen\u201c"},"content":{"rendered":"<p><strong>Adventsbasar der Werkrealschule Unterer Neckar \u2013 Sch\u00fcler stellten am VKL-Stand ihre fr\u00fchere Heimat vor <\/strong><\/p>\n<p><img loading=\"lazy\" decoding=\"async\" class=\"alignleft size-thumbnail wp-image-2796\" src=\"http:\/\/www.werkrealschule-unterer-neckar.de\/wp-content\/uploads\/2017\/12\/P1040002-150x150.jpg\" alt=\"\" width=\"150\" height=\"150\" \/>Die Einstimmung auf die Adventszeit hat in der Werkrealschule Unterer Neckar (WUN) l\u00e4ngst Tradition. Schon zum siebten Mal hatte sich die Institution in einen festlichen Adventsbasar verwandelt, an dem nicht nur selbst gefertige weihnachtliche Produkte angeboten wurden, sondern vor allem die Gemeinschaft und gem\u00fctliches Beisammensein im Mittelpunkt standen. \u201eWir freuen uns immer wieder, dies im gem\u00fctlichen Rahmen begehen zu k\u00f6nnen\u201c, sagte Rektor Thomas Schneider, \u201efroh, dass es so gut besucht ist\u201c. Der Adventsbasar sei stets in die vorgeschalteten Projettage eingebettet, an denen alle Klassen emsig gebastelt hatten.<!--more--><\/p>\n<p>Die Ergebnisse konnten sich sehen lassen: darunter diverse Basteleien wie die kleinen LED-beleuchteten Weihnachtsb\u00e4ume aus Holz, Engel mit Holzkorpus oder auch Cookie-Backmischungen, die sich prima als Geschenk eignen. Dank zahlreicher Sponsoren war es erneut gelungen, eine gigantische Tombola aufzubauen, bei der jedes Los gewann. Dass die Sch\u00fcler der 9a alle Gewinne sch\u00f6n verpackt und die Lose vorsortiert hatten nach Zielgruppen der jeweiligen Preise, machte es schwer, tatenlos an den Weihnachtsm\u00e4nnern hinter dem gut frequentierten Stand vorbeizugehen.<\/p>\n<div id=\"metaslider-id-2785\" style=\"max-width: 600px;\" class=\"ml-slider-3-18-4 metaslider metaslider-nivo metaslider-2785 ml-slider\">\n    <div id=\"metaslider_container_2785\">\n        <div class='slider-wrapper theme-default'><div class='ribbon'><\/div><div id='metaslider_2785' class='nivoSlider'><img loading=\"lazy\" decoding=\"async\" width=\"4000\" height=\"3000\" src=\"https:\/\/www.werkrealschule-unterer-neckar.de\/wp-content\/uploads\/2017\/12\/P1030981.jpg\" class=\"slider-2785 slide-2824\" alt=\"\" data-caption=\"\" data-thumb=\"\" title=\"\" rel=\"\" srcset=\"https:\/\/www.werkrealschule-unterer-neckar.de\/wp-content\/uploads\/2017\/12\/P1030981.jpg 4000w, https:\/\/www.werkrealschule-unterer-neckar.de\/wp-content\/uploads\/2017\/12\/P1030981-300x225.jpg 300w, https:\/\/www.werkrealschule-unterer-neckar.de\/wp-content\/uploads\/2017\/12\/P1030981-768x576.jpg 768w, https:\/\/www.werkrealschule-unterer-neckar.de\/wp-content\/uploads\/2017\/12\/P1030981-400x300.jpg 400w\" sizes=\"auto, (max-width: 4000px) 100vw, 4000px\" \/><img loading=\"lazy\" decoding=\"async\" width=\"4000\" height=\"3000\" src=\"https:\/\/www.werkrealschule-unterer-neckar.de\/wp-content\/uploads\/2017\/12\/P1030984.jpg\" class=\"slider-2785 slide-2825\" alt=\"\" data-caption=\"\" data-thumb=\"\" title=\"\" rel=\"\" srcset=\"https:\/\/www.werkrealschule-unterer-neckar.de\/wp-content\/uploads\/2017\/12\/P1030984.jpg 4000w, https:\/\/www.werkrealschule-unterer-neckar.de\/wp-content\/uploads\/2017\/12\/P1030984-300x225.jpg 300w, https:\/\/www.werkrealschule-unterer-neckar.de\/wp-content\/uploads\/2017\/12\/P1030984-768x576.jpg 768w, https:\/\/www.werkrealschule-unterer-neckar.de\/wp-content\/uploads\/2017\/12\/P1030984-400x300.jpg 400w\" sizes=\"auto, (max-width: 4000px) 100vw, 4000px\" \/><img loading=\"lazy\" decoding=\"async\" width=\"4000\" height=\"3000\" src=\"https:\/\/www.werkrealschule-unterer-neckar.de\/wp-content\/uploads\/2017\/12\/P1030985.jpg\" class=\"slider-2785 slide-2826\" alt=\"\" data-caption=\"\" data-thumb=\"\" title=\"\" rel=\"\" srcset=\"https:\/\/www.werkrealschule-unterer-neckar.de\/wp-content\/uploads\/2017\/12\/P1030985.jpg 4000w, https:\/\/www.werkrealschule-unterer-neckar.de\/wp-content\/uploads\/2017\/12\/P1030985-300x225.jpg 300w, https:\/\/www.werkrealschule-unterer-neckar.de\/wp-content\/uploads\/2017\/12\/P1030985-768x576.jpg 768w, https:\/\/www.werkrealschule-unterer-neckar.de\/wp-content\/uploads\/2017\/12\/P1030985-400x300.jpg 400w\" sizes=\"auto, (max-width: 4000px) 100vw, 4000px\" \/><img loading=\"lazy\" decoding=\"async\" width=\"4000\" height=\"3000\" src=\"https:\/\/www.werkrealschule-unterer-neckar.de\/wp-content\/uploads\/2017\/12\/P1030987.jpg\" class=\"slider-2785 slide-2827\" alt=\"\" data-caption=\"\" data-thumb=\"\" title=\"\" rel=\"\" srcset=\"https:\/\/www.werkrealschule-unterer-neckar.de\/wp-content\/uploads\/2017\/12\/P1030987.jpg 4000w, https:\/\/www.werkrealschule-unterer-neckar.de\/wp-content\/uploads\/2017\/12\/P1030987-300x225.jpg 300w, https:\/\/www.werkrealschule-unterer-neckar.de\/wp-content\/uploads\/2017\/12\/P1030987-768x576.jpg 768w, https:\/\/www.werkrealschule-unterer-neckar.de\/wp-content\/uploads\/2017\/12\/P1030987-400x300.jpg 400w\" sizes=\"auto, (max-width: 4000px) 100vw, 4000px\" \/><img loading=\"lazy\" decoding=\"async\" width=\"4000\" height=\"3000\" src=\"https:\/\/www.werkrealschule-unterer-neckar.de\/wp-content\/uploads\/2017\/12\/P1030989.jpg\" class=\"slider-2785 slide-2828\" alt=\"\" data-caption=\"\" data-thumb=\"\" title=\"\" rel=\"\" srcset=\"https:\/\/www.werkrealschule-unterer-neckar.de\/wp-content\/uploads\/2017\/12\/P1030989.jpg 4000w, https:\/\/www.werkrealschule-unterer-neckar.de\/wp-content\/uploads\/2017\/12\/P1030989-300x225.jpg 300w, https:\/\/www.werkrealschule-unterer-neckar.de\/wp-content\/uploads\/2017\/12\/P1030989-768x576.jpg 768w, https:\/\/www.werkrealschule-unterer-neckar.de\/wp-content\/uploads\/2017\/12\/P1030989-400x300.jpg 400w\" sizes=\"auto, (max-width: 4000px) 100vw, 4000px\" \/><img loading=\"lazy\" decoding=\"async\" width=\"4000\" height=\"3000\" src=\"https:\/\/www.werkrealschule-unterer-neckar.de\/wp-content\/uploads\/2017\/12\/P1030990.jpg\" class=\"slider-2785 slide-2829\" alt=\"\" data-caption=\"\" data-thumb=\"\" title=\"\" rel=\"\" srcset=\"https:\/\/www.werkrealschule-unterer-neckar.de\/wp-content\/uploads\/2017\/12\/P1030990.jpg 4000w, https:\/\/www.werkrealschule-unterer-neckar.de\/wp-content\/uploads\/2017\/12\/P1030990-300x225.jpg 300w, https:\/\/www.werkrealschule-unterer-neckar.de\/wp-content\/uploads\/2017\/12\/P1030990-768x576.jpg 768w, https:\/\/www.werkrealschule-unterer-neckar.de\/wp-content\/uploads\/2017\/12\/P1030990-400x300.jpg 400w\" sizes=\"auto, (max-width: 4000px) 100vw, 4000px\" \/><img loading=\"lazy\" decoding=\"async\" width=\"4000\" height=\"3000\" src=\"https:\/\/www.werkrealschule-unterer-neckar.de\/wp-content\/uploads\/2017\/12\/P1030992.jpg\" class=\"slider-2785 slide-2830\" alt=\"\" data-caption=\"\" data-thumb=\"\" title=\"\" rel=\"\" srcset=\"https:\/\/www.werkrealschule-unterer-neckar.de\/wp-content\/uploads\/2017\/12\/P1030992.jpg 4000w, https:\/\/www.werkrealschule-unterer-neckar.de\/wp-content\/uploads\/2017\/12\/P1030992-300x225.jpg 300w, https:\/\/www.werkrealschule-unterer-neckar.de\/wp-content\/uploads\/2017\/12\/P1030992-768x576.jpg 768w, https:\/\/www.werkrealschule-unterer-neckar.de\/wp-content\/uploads\/2017\/12\/P1030992-400x300.jpg 400w\" sizes=\"auto, (max-width: 4000px) 100vw, 4000px\" \/><img loading=\"lazy\" decoding=\"async\" width=\"4000\" height=\"3000\" src=\"https:\/\/www.werkrealschule-unterer-neckar.de\/wp-content\/uploads\/2017\/12\/P1030993.jpg\" class=\"slider-2785 slide-2831\" alt=\"\" data-caption=\"\" data-thumb=\"\" title=\"\" rel=\"\" srcset=\"https:\/\/www.werkrealschule-unterer-neckar.de\/wp-content\/uploads\/2017\/12\/P1030993.jpg 4000w, https:\/\/www.werkrealschule-unterer-neckar.de\/wp-content\/uploads\/2017\/12\/P1030993-300x225.jpg 300w, https:\/\/www.werkrealschule-unterer-neckar.de\/wp-content\/uploads\/2017\/12\/P1030993-768x576.jpg 768w, https:\/\/www.werkrealschule-unterer-neckar.de\/wp-content\/uploads\/2017\/12\/P1030993-400x300.jpg 400w\" sizes=\"auto, (max-width: 4000px) 100vw, 4000px\" \/><img loading=\"lazy\" decoding=\"async\" width=\"4000\" height=\"3000\" src=\"https:\/\/www.werkrealschule-unterer-neckar.de\/wp-content\/uploads\/2017\/12\/P1030998.jpg\" class=\"slider-2785 slide-2832\" alt=\"\" data-caption=\"\" data-thumb=\"\" title=\"\" rel=\"\" srcset=\"https:\/\/www.werkrealschule-unterer-neckar.de\/wp-content\/uploads\/2017\/12\/P1030998.jpg 4000w, https:\/\/www.werkrealschule-unterer-neckar.de\/wp-content\/uploads\/2017\/12\/P1030998-300x225.jpg 300w, https:\/\/www.werkrealschule-unterer-neckar.de\/wp-content\/uploads\/2017\/12\/P1030998-768x576.jpg 768w, https:\/\/www.werkrealschule-unterer-neckar.de\/wp-content\/uploads\/2017\/12\/P1030998-400x300.jpg 400w\" sizes=\"auto, (max-width: 4000px) 100vw, 4000px\" \/><img loading=\"lazy\" decoding=\"async\" width=\"4000\" height=\"3000\" src=\"https:\/\/www.werkrealschule-unterer-neckar.de\/wp-content\/uploads\/2017\/12\/P1030999.jpg\" class=\"slider-2785 slide-2833\" alt=\"\" data-caption=\"\" data-thumb=\"\" title=\"\" rel=\"\" srcset=\"https:\/\/www.werkrealschule-unterer-neckar.de\/wp-content\/uploads\/2017\/12\/P1030999.jpg 4000w, https:\/\/www.werkrealschule-unterer-neckar.de\/wp-content\/uploads\/2017\/12\/P1030999-300x225.jpg 300w, https:\/\/www.werkrealschule-unterer-neckar.de\/wp-content\/uploads\/2017\/12\/P1030999-768x576.jpg 768w, https:\/\/www.werkrealschule-unterer-neckar.de\/wp-content\/uploads\/2017\/12\/P1030999-400x300.jpg 400w\" sizes=\"auto, (max-width: 4000px) 100vw, 4000px\" \/><img loading=\"lazy\" decoding=\"async\" width=\"4000\" height=\"3000\" src=\"https:\/\/www.werkrealschule-unterer-neckar.de\/wp-content\/uploads\/2017\/12\/P1040002.jpg\" class=\"slider-2785 slide-2834\" alt=\"\" data-caption=\"\" data-thumb=\"\" title=\"\" rel=\"\" srcset=\"https:\/\/www.werkrealschule-unterer-neckar.de\/wp-content\/uploads\/2017\/12\/P1040002.jpg 4000w, https:\/\/www.werkrealschule-unterer-neckar.de\/wp-content\/uploads\/2017\/12\/P1040002-300x225.jpg 300w, https:\/\/www.werkrealschule-unterer-neckar.de\/wp-content\/uploads\/2017\/12\/P1040002-768x576.jpg 768w, https:\/\/www.werkrealschule-unterer-neckar.de\/wp-content\/uploads\/2017\/12\/P1040002-400x300.jpg 400w\" sizes=\"auto, (max-width: 4000px) 100vw, 4000px\" \/><img loading=\"lazy\" decoding=\"async\" width=\"4000\" height=\"3000\" src=\"https:\/\/www.werkrealschule-unterer-neckar.de\/wp-content\/uploads\/2017\/12\/P1040003.jpg\" class=\"slider-2785 slide-2835\" alt=\"\" data-caption=\"\" data-thumb=\"\" title=\"\" rel=\"\" srcset=\"https:\/\/www.werkrealschule-unterer-neckar.de\/wp-content\/uploads\/2017\/12\/P1040003.jpg 4000w, https:\/\/www.werkrealschule-unterer-neckar.de\/wp-content\/uploads\/2017\/12\/P1040003-300x225.jpg 300w, https:\/\/www.werkrealschule-unterer-neckar.de\/wp-content\/uploads\/2017\/12\/P1040003-768x576.jpg 768w, https:\/\/www.werkrealschule-unterer-neckar.de\/wp-content\/uploads\/2017\/12\/P1040003-400x300.jpg 400w\" sizes=\"auto, (max-width: 4000px) 100vw, 4000px\" \/><img loading=\"lazy\" decoding=\"async\" width=\"4000\" height=\"3000\" src=\"https:\/\/www.werkrealschule-unterer-neckar.de\/wp-content\/uploads\/2017\/12\/P1040004.jpg\" class=\"slider-2785 slide-2836\" alt=\"\" data-caption=\"\" data-thumb=\"\" title=\"\" rel=\"\" srcset=\"https:\/\/www.werkrealschule-unterer-neckar.de\/wp-content\/uploads\/2017\/12\/P1040004.jpg 4000w, https:\/\/www.werkrealschule-unterer-neckar.de\/wp-content\/uploads\/2017\/12\/P1040004-300x225.jpg 300w, https:\/\/www.werkrealschule-unterer-neckar.de\/wp-content\/uploads\/2017\/12\/P1040004-768x576.jpg 768w, https:\/\/www.werkrealschule-unterer-neckar.de\/wp-content\/uploads\/2017\/12\/P1040004-400x300.jpg 400w\" sizes=\"auto, (max-width: 4000px) 100vw, 4000px\" \/><img loading=\"lazy\" decoding=\"async\" width=\"4000\" height=\"3000\" src=\"https:\/\/www.werkrealschule-unterer-neckar.de\/wp-content\/uploads\/2017\/12\/P1040009.jpg\" class=\"slider-2785 slide-2837\" alt=\"\" data-caption=\"\" data-thumb=\"\" title=\"\" rel=\"\" srcset=\"https:\/\/www.werkrealschule-unterer-neckar.de\/wp-content\/uploads\/2017\/12\/P1040009.jpg 4000w, https:\/\/www.werkrealschule-unterer-neckar.de\/wp-content\/uploads\/2017\/12\/P1040009-300x225.jpg 300w, https:\/\/www.werkrealschule-unterer-neckar.de\/wp-content\/uploads\/2017\/12\/P1040009-768x576.jpg 768w, https:\/\/www.werkrealschule-unterer-neckar.de\/wp-content\/uploads\/2017\/12\/P1040009-400x300.jpg 400w\" sizes=\"auto, (max-width: 4000px) 100vw, 4000px\" \/><img loading=\"lazy\" decoding=\"async\" width=\"4000\" height=\"3000\" src=\"https:\/\/www.werkrealschule-unterer-neckar.de\/wp-content\/uploads\/2017\/12\/P1040010.jpg\" class=\"slider-2785 slide-2838\" alt=\"\" data-caption=\"\" data-thumb=\"\" title=\"\" rel=\"\" srcset=\"https:\/\/www.werkrealschule-unterer-neckar.de\/wp-content\/uploads\/2017\/12\/P1040010.jpg 4000w, https:\/\/www.werkrealschule-unterer-neckar.de\/wp-content\/uploads\/2017\/12\/P1040010-300x225.jpg 300w, https:\/\/www.werkrealschule-unterer-neckar.de\/wp-content\/uploads\/2017\/12\/P1040010-768x576.jpg 768w, https:\/\/www.werkrealschule-unterer-neckar.de\/wp-content\/uploads\/2017\/12\/P1040010-400x300.jpg 400w\" sizes=\"auto, (max-width: 4000px) 100vw, 4000px\" \/><img loading=\"lazy\" decoding=\"async\" width=\"4000\" height=\"3000\" src=\"https:\/\/www.werkrealschule-unterer-neckar.de\/wp-content\/uploads\/2017\/12\/P1040013.jpg\" class=\"slider-2785 slide-2839\" alt=\"\" data-caption=\"\" data-thumb=\"\" title=\"\" rel=\"\" srcset=\"https:\/\/www.werkrealschule-unterer-neckar.de\/wp-content\/uploads\/2017\/12\/P1040013.jpg 4000w, https:\/\/www.werkrealschule-unterer-neckar.de\/wp-content\/uploads\/2017\/12\/P1040013-300x225.jpg 300w, https:\/\/www.werkrealschule-unterer-neckar.de\/wp-content\/uploads\/2017\/12\/P1040013-768x576.jpg 768w, https:\/\/www.werkrealschule-unterer-neckar.de\/wp-content\/uploads\/2017\/12\/P1040013-400x300.jpg 400w\" sizes=\"auto, (max-width: 4000px) 100vw, 4000px\" \/><img loading=\"lazy\" decoding=\"async\" width=\"4000\" height=\"3000\" src=\"https:\/\/www.werkrealschule-unterer-neckar.de\/wp-content\/uploads\/2017\/12\/P1040015.jpg\" class=\"slider-2785 slide-2840\" alt=\"\" data-caption=\"\" data-thumb=\"\" title=\"\" rel=\"\" srcset=\"https:\/\/www.werkrealschule-unterer-neckar.de\/wp-content\/uploads\/2017\/12\/P1040015.jpg 4000w, https:\/\/www.werkrealschule-unterer-neckar.de\/wp-content\/uploads\/2017\/12\/P1040015-300x225.jpg 300w, https:\/\/www.werkrealschule-unterer-neckar.de\/wp-content\/uploads\/2017\/12\/P1040015-768x576.jpg 768w, https:\/\/www.werkrealschule-unterer-neckar.de\/wp-content\/uploads\/2017\/12\/P1040015-400x300.jpg 400w\" sizes=\"auto, (max-width: 4000px) 100vw, 4000px\" \/><img loading=\"lazy\" decoding=\"async\" width=\"4000\" height=\"3000\" src=\"https:\/\/www.werkrealschule-unterer-neckar.de\/wp-content\/uploads\/2017\/12\/P1040022.jpg\" class=\"slider-2785 slide-2841\" alt=\"\" data-caption=\"\" data-thumb=\"\" title=\"\" rel=\"\" srcset=\"https:\/\/www.werkrealschule-unterer-neckar.de\/wp-content\/uploads\/2017\/12\/P1040022.jpg 4000w, https:\/\/www.werkrealschule-unterer-neckar.de\/wp-content\/uploads\/2017\/12\/P1040022-300x225.jpg 300w, https:\/\/www.werkrealschule-unterer-neckar.de\/wp-content\/uploads\/2017\/12\/P1040022-768x576.jpg 768w, https:\/\/www.werkrealschule-unterer-neckar.de\/wp-content\/uploads\/2017\/12\/P1040022-400x300.jpg 400w\" sizes=\"auto, (max-width: 4000px) 100vw, 4000px\" \/><img loading=\"lazy\" decoding=\"async\" width=\"4000\" height=\"3000\" src=\"https:\/\/www.werkrealschule-unterer-neckar.de\/wp-content\/uploads\/2017\/12\/P1040023.jpg\" class=\"slider-2785 slide-2842\" alt=\"\" data-caption=\"\" data-thumb=\"\" title=\"\" rel=\"\" srcset=\"https:\/\/www.werkrealschule-unterer-neckar.de\/wp-content\/uploads\/2017\/12\/P1040023.jpg 4000w, https:\/\/www.werkrealschule-unterer-neckar.de\/wp-content\/uploads\/2017\/12\/P1040023-300x225.jpg 300w, https:\/\/www.werkrealschule-unterer-neckar.de\/wp-content\/uploads\/2017\/12\/P1040023-768x576.jpg 768w, https:\/\/www.werkrealschule-unterer-neckar.de\/wp-content\/uploads\/2017\/12\/P1040023-400x300.jpg 400w\" sizes=\"auto, (max-width: 4000px) 100vw, 4000px\" \/><img loading=\"lazy\" decoding=\"async\" width=\"4000\" height=\"3000\" src=\"https:\/\/www.werkrealschule-unterer-neckar.de\/wp-content\/uploads\/2017\/12\/P1040026.jpg\" class=\"slider-2785 slide-2843\" alt=\"\" data-caption=\"\" data-thumb=\"\" title=\"\" rel=\"\" srcset=\"https:\/\/www.werkrealschule-unterer-neckar.de\/wp-content\/uploads\/2017\/12\/P1040026.jpg 4000w, https:\/\/www.werkrealschule-unterer-neckar.de\/wp-content\/uploads\/2017\/12\/P1040026-300x225.jpg 300w, https:\/\/www.werkrealschule-unterer-neckar.de\/wp-content\/uploads\/2017\/12\/P1040026-768x576.jpg 768w, https:\/\/www.werkrealschule-unterer-neckar.de\/wp-content\/uploads\/2017\/12\/P1040026-400x300.jpg 400w\" sizes=\"auto, (max-width: 4000px) 100vw, 4000px\" \/><img loading=\"lazy\" decoding=\"async\" width=\"4000\" height=\"3000\" src=\"https:\/\/www.werkrealschule-unterer-neckar.de\/wp-content\/uploads\/2017\/12\/P1040028.jpg\" class=\"slider-2785 slide-2844\" alt=\"\" data-caption=\"\" data-thumb=\"\" title=\"\" rel=\"\" srcset=\"https:\/\/www.werkrealschule-unterer-neckar.de\/wp-content\/uploads\/2017\/12\/P1040028.jpg 4000w, https:\/\/www.werkrealschule-unterer-neckar.de\/wp-content\/uploads\/2017\/12\/P1040028-300x225.jpg 300w, https:\/\/www.werkrealschule-unterer-neckar.de\/wp-content\/uploads\/2017\/12\/P1040028-768x576.jpg 768w, https:\/\/www.werkrealschule-unterer-neckar.de\/wp-content\/uploads\/2017\/12\/P1040028-400x300.jpg 400w\" sizes=\"auto, (max-width: 4000px) 100vw, 4000px\" \/><img loading=\"lazy\" decoding=\"async\" width=\"4000\" height=\"3000\" src=\"https:\/\/www.werkrealschule-unterer-neckar.de\/wp-content\/uploads\/2017\/12\/P1040029.jpg\" class=\"slider-2785 slide-2845\" alt=\"\" data-caption=\"\" data-thumb=\"\" title=\"\" rel=\"\" srcset=\"https:\/\/www.werkrealschule-unterer-neckar.de\/wp-content\/uploads\/2017\/12\/P1040029.jpg 4000w, https:\/\/www.werkrealschule-unterer-neckar.de\/wp-content\/uploads\/2017\/12\/P1040029-300x225.jpg 300w, https:\/\/www.werkrealschule-unterer-neckar.de\/wp-content\/uploads\/2017\/12\/P1040029-768x576.jpg 768w, https:\/\/www.werkrealschule-unterer-neckar.de\/wp-content\/uploads\/2017\/12\/P1040029-400x300.jpg 400w\" sizes=\"auto, (max-width: 4000px) 100vw, 4000px\" \/><img loading=\"lazy\" decoding=\"async\" width=\"4000\" height=\"3000\" src=\"https:\/\/www.werkrealschule-unterer-neckar.de\/wp-content\/uploads\/2017\/12\/P1040030.jpg\" class=\"slider-2785 slide-2846\" alt=\"\" data-caption=\"\" data-thumb=\"\" title=\"\" rel=\"\" srcset=\"https:\/\/www.werkrealschule-unterer-neckar.de\/wp-content\/uploads\/2017\/12\/P1040030.jpg 4000w, https:\/\/www.werkrealschule-unterer-neckar.de\/wp-content\/uploads\/2017\/12\/P1040030-300x225.jpg 300w, https:\/\/www.werkrealschule-unterer-neckar.de\/wp-content\/uploads\/2017\/12\/P1040030-768x576.jpg 768w, https:\/\/www.werkrealschule-unterer-neckar.de\/wp-content\/uploads\/2017\/12\/P1040030-400x300.jpg 400w\" sizes=\"auto, (max-width: 4000px) 100vw, 4000px\" \/><img loading=\"lazy\" decoding=\"async\" width=\"4000\" height=\"3000\" src=\"https:\/\/www.werkrealschule-unterer-neckar.de\/wp-content\/uploads\/2017\/12\/P1040034.jpg\" class=\"slider-2785 slide-2847\" alt=\"\" data-caption=\"\" data-thumb=\"\" title=\"\" rel=\"\" srcset=\"https:\/\/www.werkrealschule-unterer-neckar.de\/wp-content\/uploads\/2017\/12\/P1040034.jpg 4000w, https:\/\/www.werkrealschule-unterer-neckar.de\/wp-content\/uploads\/2017\/12\/P1040034-300x225.jpg 300w, https:\/\/www.werkrealschule-unterer-neckar.de\/wp-content\/uploads\/2017\/12\/P1040034-768x576.jpg 768w, https:\/\/www.werkrealschule-unterer-neckar.de\/wp-content\/uploads\/2017\/12\/P1040034-400x300.jpg 400w\" sizes=\"auto, (max-width: 4000px) 100vw, 4000px\" \/><img loading=\"lazy\" decoding=\"async\" width=\"4000\" height=\"3000\" src=\"https:\/\/www.werkrealschule-unterer-neckar.de\/wp-content\/uploads\/2017\/12\/P1040037.jpg\" class=\"slider-2785 slide-2848\" alt=\"\" data-caption=\"\" data-thumb=\"\" title=\"\" rel=\"\" srcset=\"https:\/\/www.werkrealschule-unterer-neckar.de\/wp-content\/uploads\/2017\/12\/P1040037.jpg 4000w, https:\/\/www.werkrealschule-unterer-neckar.de\/wp-content\/uploads\/2017\/12\/P1040037-300x225.jpg 300w, https:\/\/www.werkrealschule-unterer-neckar.de\/wp-content\/uploads\/2017\/12\/P1040037-768x576.jpg 768w, https:\/\/www.werkrealschule-unterer-neckar.de\/wp-content\/uploads\/2017\/12\/P1040037-400x300.jpg 400w\" sizes=\"auto, (max-width: 4000px) 100vw, 4000px\" \/><img loading=\"lazy\" decoding=\"async\" width=\"4000\" height=\"3000\" src=\"https:\/\/www.werkrealschule-unterer-neckar.de\/wp-content\/uploads\/2017\/12\/P1040042.jpg\" class=\"slider-2785 slide-2849\" alt=\"\" data-caption=\"\" data-thumb=\"\" title=\"\" rel=\"\" srcset=\"https:\/\/www.werkrealschule-unterer-neckar.de\/wp-content\/uploads\/2017\/12\/P1040042.jpg 4000w, https:\/\/www.werkrealschule-unterer-neckar.de\/wp-content\/uploads\/2017\/12\/P1040042-300x225.jpg 300w, https:\/\/www.werkrealschule-unterer-neckar.de\/wp-content\/uploads\/2017\/12\/P1040042-768x576.jpg 768w, https:\/\/www.werkrealschule-unterer-neckar.de\/wp-content\/uploads\/2017\/12\/P1040042-400x300.jpg 400w\" sizes=\"auto, (max-width: 4000px) 100vw, 4000px\" \/><img loading=\"lazy\" decoding=\"async\" width=\"4000\" height=\"3000\" src=\"https:\/\/www.werkrealschule-unterer-neckar.de\/wp-content\/uploads\/2017\/12\/P1040052.jpg\" class=\"slider-2785 slide-2850\" alt=\"\" data-caption=\"\" data-thumb=\"\" title=\"\" rel=\"\" srcset=\"https:\/\/www.werkrealschule-unterer-neckar.de\/wp-content\/uploads\/2017\/12\/P1040052.jpg 4000w, https:\/\/www.werkrealschule-unterer-neckar.de\/wp-content\/uploads\/2017\/12\/P1040052-300x225.jpg 300w, https:\/\/www.werkrealschule-unterer-neckar.de\/wp-content\/uploads\/2017\/12\/P1040052-768x576.jpg 768w, https:\/\/www.werkrealschule-unterer-neckar.de\/wp-content\/uploads\/2017\/12\/P1040052-400x300.jpg 400w\" sizes=\"auto, (max-width: 4000px) 100vw, 4000px\" \/><img loading=\"lazy\" decoding=\"async\" width=\"4000\" height=\"3000\" src=\"https:\/\/www.werkrealschule-unterer-neckar.de\/wp-content\/uploads\/2017\/12\/P1040054.jpg\" class=\"slider-2785 slide-2851\" alt=\"\" data-caption=\"\" data-thumb=\"\" title=\"\" rel=\"\" srcset=\"https:\/\/www.werkrealschule-unterer-neckar.de\/wp-content\/uploads\/2017\/12\/P1040054.jpg 4000w, https:\/\/www.werkrealschule-unterer-neckar.de\/wp-content\/uploads\/2017\/12\/P1040054-300x225.jpg 300w, https:\/\/www.werkrealschule-unterer-neckar.de\/wp-content\/uploads\/2017\/12\/P1040054-768x576.jpg 768w, https:\/\/www.werkrealschule-unterer-neckar.de\/wp-content\/uploads\/2017\/12\/P1040054-400x300.jpg 400w\" sizes=\"auto, (max-width: 4000px) 100vw, 4000px\" \/><img loading=\"lazy\" decoding=\"async\" width=\"4000\" height=\"3000\" src=\"https:\/\/www.werkrealschule-unterer-neckar.de\/wp-content\/uploads\/2017\/12\/P1040056.jpg\" class=\"slider-2785 slide-2852\" alt=\"\" data-caption=\"\" data-thumb=\"\" title=\"\" rel=\"\" srcset=\"https:\/\/www.werkrealschule-unterer-neckar.de\/wp-content\/uploads\/2017\/12\/P1040056.jpg 4000w, https:\/\/www.werkrealschule-unterer-neckar.de\/wp-content\/uploads\/2017\/12\/P1040056-300x225.jpg 300w, https:\/\/www.werkrealschule-unterer-neckar.de\/wp-content\/uploads\/2017\/12\/P1040056-768x576.jpg 768w, https:\/\/www.werkrealschule-unterer-neckar.de\/wp-content\/uploads\/2017\/12\/P1040056-400x300.jpg 400w\" sizes=\"auto, (max-width: 4000px) 100vw, 4000px\" \/><img loading=\"lazy\" decoding=\"async\" width=\"4000\" height=\"3000\" src=\"https:\/\/www.werkrealschule-unterer-neckar.de\/wp-content\/uploads\/2017\/12\/P1040067.jpg\" class=\"slider-2785 slide-2853\" alt=\"\" data-caption=\"\" data-thumb=\"\" title=\"\" rel=\"\" srcset=\"https:\/\/www.werkrealschule-unterer-neckar.de\/wp-content\/uploads\/2017\/12\/P1040067.jpg 4000w, https:\/\/www.werkrealschule-unterer-neckar.de\/wp-content\/uploads\/2017\/12\/P1040067-300x225.jpg 300w, https:\/\/www.werkrealschule-unterer-neckar.de\/wp-content\/uploads\/2017\/12\/P1040067-768x576.jpg 768w, https:\/\/www.werkrealschule-unterer-neckar.de\/wp-content\/uploads\/2017\/12\/P1040067-400x300.jpg 400w\" sizes=\"auto, (max-width: 4000px) 100vw, 4000px\" \/><img loading=\"lazy\" decoding=\"async\" width=\"4000\" height=\"3000\" src=\"https:\/\/www.werkrealschule-unterer-neckar.de\/wp-content\/uploads\/2017\/12\/P1040069.jpg\" class=\"slider-2785 slide-2854\" alt=\"\" data-caption=\"\" data-thumb=\"\" title=\"\" rel=\"\" srcset=\"https:\/\/www.werkrealschule-unterer-neckar.de\/wp-content\/uploads\/2017\/12\/P1040069.jpg 4000w, https:\/\/www.werkrealschule-unterer-neckar.de\/wp-content\/uploads\/2017\/12\/P1040069-300x225.jpg 300w, https:\/\/www.werkrealschule-unterer-neckar.de\/wp-content\/uploads\/2017\/12\/P1040069-768x576.jpg 768w, https:\/\/www.werkrealschule-unterer-neckar.de\/wp-content\/uploads\/2017\/12\/P1040069-400x300.jpg 400w\" sizes=\"auto, (max-width: 4000px) 100vw, 4000px\" \/><img loading=\"lazy\" decoding=\"async\" width=\"4000\" height=\"3000\" src=\"https:\/\/www.werkrealschule-unterer-neckar.de\/wp-content\/uploads\/2017\/12\/P1040074.jpg\" class=\"slider-2785 slide-2855\" alt=\"\" data-caption=\"\" data-thumb=\"\" title=\"\" rel=\"\" srcset=\"https:\/\/www.werkrealschule-unterer-neckar.de\/wp-content\/uploads\/2017\/12\/P1040074.jpg 4000w, https:\/\/www.werkrealschule-unterer-neckar.de\/wp-content\/uploads\/2017\/12\/P1040074-300x225.jpg 300w, https:\/\/www.werkrealschule-unterer-neckar.de\/wp-content\/uploads\/2017\/12\/P1040074-768x576.jpg 768w, https:\/\/www.werkrealschule-unterer-neckar.de\/wp-content\/uploads\/2017\/12\/P1040074-400x300.jpg 400w\" sizes=\"auto, (max-width: 4000px) 100vw, 4000px\" \/><img loading=\"lazy\" decoding=\"async\" width=\"4000\" height=\"3000\" src=\"https:\/\/www.werkrealschule-unterer-neckar.de\/wp-content\/uploads\/2017\/12\/P1040077.jpg\" class=\"slider-2785 slide-2856\" alt=\"\" data-caption=\"\" data-thumb=\"\" title=\"\" rel=\"\" srcset=\"https:\/\/www.werkrealschule-unterer-neckar.de\/wp-content\/uploads\/2017\/12\/P1040077.jpg 4000w, https:\/\/www.werkrealschule-unterer-neckar.de\/wp-content\/uploads\/2017\/12\/P1040077-300x225.jpg 300w, https:\/\/www.werkrealschule-unterer-neckar.de\/wp-content\/uploads\/2017\/12\/P1040077-768x576.jpg 768w, https:\/\/www.werkrealschule-unterer-neckar.de\/wp-content\/uploads\/2017\/12\/P1040077-400x300.jpg 400w\" sizes=\"auto, (max-width: 4000px) 100vw, 4000px\" \/><img loading=\"lazy\" decoding=\"async\" width=\"4000\" height=\"3000\" src=\"https:\/\/www.werkrealschule-unterer-neckar.de\/wp-content\/uploads\/2017\/12\/P1040079.jpg\" class=\"slider-2785 slide-2857\" alt=\"\" data-caption=\"\" data-thumb=\"\" title=\"\" rel=\"\" srcset=\"https:\/\/www.werkrealschule-unterer-neckar.de\/wp-content\/uploads\/2017\/12\/P1040079.jpg 4000w, https:\/\/www.werkrealschule-unterer-neckar.de\/wp-content\/uploads\/2017\/12\/P1040079-300x225.jpg 300w, https:\/\/www.werkrealschule-unterer-neckar.de\/wp-content\/uploads\/2017\/12\/P1040079-768x576.jpg 768w, https:\/\/www.werkrealschule-unterer-neckar.de\/wp-content\/uploads\/2017\/12\/P1040079-400x300.jpg 400w\" sizes=\"auto, (max-width: 4000px) 100vw, 4000px\" \/><img loading=\"lazy\" decoding=\"async\" width=\"4000\" height=\"3000\" src=\"https:\/\/www.werkrealschule-unterer-neckar.de\/wp-content\/uploads\/2017\/12\/P1040088.jpg\" class=\"slider-2785 slide-2858\" alt=\"\" data-caption=\"\" data-thumb=\"\" title=\"\" rel=\"\" srcset=\"https:\/\/www.werkrealschule-unterer-neckar.de\/wp-content\/uploads\/2017\/12\/P1040088.jpg 4000w, https:\/\/www.werkrealschule-unterer-neckar.de\/wp-content\/uploads\/2017\/12\/P1040088-300x225.jpg 300w, https:\/\/www.werkrealschule-unterer-neckar.de\/wp-content\/uploads\/2017\/12\/P1040088-768x576.jpg 768w, https:\/\/www.werkrealschule-unterer-neckar.de\/wp-content\/uploads\/2017\/12\/P1040088-400x300.jpg 400w\" sizes=\"auto, (max-width: 4000px) 100vw, 4000px\" \/><img loading=\"lazy\" decoding=\"async\" width=\"4000\" height=\"3000\" src=\"https:\/\/www.werkrealschule-unterer-neckar.de\/wp-content\/uploads\/2017\/12\/P1040089.jpg\" class=\"slider-2785 slide-2859\" alt=\"\" data-caption=\"\" data-thumb=\"\" title=\"\" rel=\"\" srcset=\"https:\/\/www.werkrealschule-unterer-neckar.de\/wp-content\/uploads\/2017\/12\/P1040089.jpg 4000w, https:\/\/www.werkrealschule-unterer-neckar.de\/wp-content\/uploads\/2017\/12\/P1040089-300x225.jpg 300w, https:\/\/www.werkrealschule-unterer-neckar.de\/wp-content\/uploads\/2017\/12\/P1040089-768x576.jpg 768w, https:\/\/www.werkrealschule-unterer-neckar.de\/wp-content\/uploads\/2017\/12\/P1040089-400x300.jpg 400w\" sizes=\"auto, (max-width: 4000px) 100vw, 4000px\" \/><img loading=\"lazy\" decoding=\"async\" width=\"4000\" height=\"3000\" src=\"https:\/\/www.werkrealschule-unterer-neckar.de\/wp-content\/uploads\/2017\/12\/P1040106.jpg\" class=\"slider-2785 slide-2860\" alt=\"\" data-caption=\"\" data-thumb=\"\" title=\"\" rel=\"\" srcset=\"https:\/\/www.werkrealschule-unterer-neckar.de\/wp-content\/uploads\/2017\/12\/P1040106.jpg 4000w, https:\/\/www.werkrealschule-unterer-neckar.de\/wp-content\/uploads\/2017\/12\/P1040106-300x225.jpg 300w, https:\/\/www.werkrealschule-unterer-neckar.de\/wp-content\/uploads\/2017\/12\/P1040106-768x576.jpg 768w, https:\/\/www.werkrealschule-unterer-neckar.de\/wp-content\/uploads\/2017\/12\/P1040106-400x300.jpg 400w\" sizes=\"auto, (max-width: 4000px) 100vw, 4000px\" \/><img loading=\"lazy\" decoding=\"async\" width=\"4000\" height=\"3000\" src=\"https:\/\/www.werkrealschule-unterer-neckar.de\/wp-content\/uploads\/2017\/12\/P1040123.jpg\" class=\"slider-2785 slide-2861\" alt=\"\" data-caption=\"\" data-thumb=\"\" title=\"\" rel=\"\" srcset=\"https:\/\/www.werkrealschule-unterer-neckar.de\/wp-content\/uploads\/2017\/12\/P1040123.jpg 4000w, https:\/\/www.werkrealschule-unterer-neckar.de\/wp-content\/uploads\/2017\/12\/P1040123-300x225.jpg 300w, https:\/\/www.werkrealschule-unterer-neckar.de\/wp-content\/uploads\/2017\/12\/P1040123-768x576.jpg 768w, https:\/\/www.werkrealschule-unterer-neckar.de\/wp-content\/uploads\/2017\/12\/P1040123-400x300.jpg 400w\" sizes=\"auto, (max-width: 4000px) 100vw, 4000px\" \/><\/div><\/div>\n        \n    <\/div>\n<\/div>\n<p>Dringend empfahl der Rektor auch einen Besuch am VKL-Stand, an dem haupts\u00e4chlich aus Syrien und Afghanistan stammende Kinder und Jugendliche ihre Heimatl\u00e4nder sowie ihren Weg hierher vorstellten. Interessierte erwarteten hier zahlreiche selbst gestaltete Plakate wie auch landestypische Speisen. \u201e40 Kinder sind bei uns gut angekommen\u201c, unterstrich Schneider. \u201eVKL\u201c steht eigentlich f\u00fcr \u201eVorbereitungsklasse\u201c, an der WUN spricht man genau genommen von VKL-Kursen, die \u201esprachhomogen, aber altersheterogen\u201c gebildet werden. Im dritten Kurs werden die Kinder in Regelklassen der f\u00fcr sie jeweils geeigneten Schularten integriert. \u201eWir leben das\u201c, versicherte Thomas Schneider. Dieses seitens des Schulamtes mit Ressourcen unterst\u00fctzte Vorgehen sei \u201enicht etwas, das uns von au\u00dfen aufgest\u00fclpt wird, sondern Bestandteil unserer Schule\u201c. Das klappe seit Jahren reibungslos und habe sich nicht erst vor zwei Jahren angebahnt. Dass sie in jeder Hinsicht hier angekommen sind, bewiesen etwa die Achtkl\u00e4sslerinnen Gofran und Sidra, als sie souver\u00e4n und aufgeschlossen ihren Standdienst absolvierten.<\/p>\n<p>Traditionell wird ein Teil des Erl\u00f6ses aus dem Adventsbasar f\u00fcr soziale Zwecke gespendet; \u201emindestens die H\u00e4lfte\u201c, wie Schneider sagte, jedoch stehe ein konkretes Ziel noch nicht fest. Der Rest geht an den F\u00f6rderverein der 230 Sch\u00fcler starken Schule. <em>(Quelle Text: Silke Beckmann, Ladenburger Zeitung; Quelle Bilder: WRS Unterer Neckar, Online Redaktion)<\/em><\/p>\n","protected":false},"excerpt":{"rendered":"<p>Adventsbasar der Werkrealschule Unterer Neckar \u2013 Sch\u00fcler stellten am VKL-Stand ihre fr\u00fchere Heimat vor Die Einstimmung auf die Adventszeit hat in der Werkrealschule Unterer Neckar (WUN) l\u00e4ngst Tradition. Schon zum siebten Mal hatte sich die Institution in einen festlichen Adventsbasar verwandelt, an dem nicht nur selbst gefertige weihnachtliche Produkte angeboten wurden, sondern vor allem die [&hellip;]<\/p>\n","protected":false},"author":4,"featured_media":0,"comment_status":"closed","ping_status":"closed","sticky":false,"template":"","format":"standard","meta":{"footnotes":""},"categories":[4],"tags":[],"class_list":["post-2870","post","type-post","status-publish","format-standard","hentry","category-pressespiegel"],"_links":{"self":[{"href":"https:\/\/www.werkrealschule-unterer-neckar.de\/index.php?rest_route=\/wp\/v2\/posts\/2870","targetHints":{"allow":["GET"]}}],"collection":[{"href":"https:\/\/www.werkrealschule-unterer-neckar.de\/index.php?rest_route=\/wp\/v2\/posts"}],"about":[{"href":"https:\/\/www.werkrealschule-unterer-neckar.de\/index.php?rest_route=\/wp\/v2\/types\/post"}],"author":[{"embeddable":true,"href":"https:\/\/www.werkrealschule-unterer-neckar.de\/index.php?rest_route=\/wp\/v2\/users\/4"}],"replies":[{"embeddable":true,"href":"https:\/\/www.werkrealschule-unterer-neckar.de\/index.php?rest_route=%2Fwp%2Fv2%2Fcomments&post=2870"}],"version-history":[{"count":0,"href":"https:\/\/www.werkrealschule-unterer-neckar.de\/index.php?rest_route=\/wp\/v2\/posts\/2870\/revisions"}],"wp:attachment":[{"href":"https:\/\/www.werkrealschule-unterer-neckar.de\/index.php?rest_route=%2Fwp%2Fv2%2Fmedia&parent=2870"}],"wp:term":[{"taxonomy":"category","embeddable":true,"href":"https:\/\/www.werkrealschule-unterer-neckar.de\/index.php?rest_route=%2Fwp%2Fv2%2Fcategories&post=2870"},{"taxonomy":"post_tag","embeddable":true,"href":"https:\/\/www.werkrealschule-unterer-neckar.de\/index.php?rest_route=%2Fwp%2Fv2%2Ftags&post=2870"}],"curies":[{"name":"wp","href":"https:\/\/api.w.org\/{rel}","templated":true}]}}