{"id":3468,"date":"2018-07-27T01:34:34","date_gmt":"2018-07-26T23:34:34","guid":{"rendered":"http:\/\/www.werkrealschule-unterer-neckar.de\/?p=3468"},"modified":"2018-07-28T01:43:09","modified_gmt":"2018-07-27T23:43:09","slug":"schmutz-singt-loblied-aufs-handwerk","status":"publish","type":"post","link":"https:\/\/www.werkrealschule-unterer-neckar.de\/?p=3468","title":{"rendered":"Schmutz singt Loblied aufs Handwerk"},"content":{"rendered":"<p><strong>39 Sch\u00fcler verlassen die Werkrealschule mit einem Abschluss \/ B\u00fcrgermeister ermuntert Absolventen<\/strong><\/p>\n<p><img loading=\"lazy\" decoding=\"async\" class=\"alignleft size-thumbnail wp-image-3371\" src=\"http:\/\/www.werkrealschule-unterer-neckar.de\/wp-content\/uploads\/2018\/07\/P1050255-150x150.jpg\" alt=\"\" width=\"150\" height=\"150\" \/>Zur Abschlussfeier 2018 hatte die Werkrealschule Unterer Neckar (WUN) Ladenburg in die st\u00e4dtische Turnhalle der Stadt eingeladen. Insgesamt hatten 28 Sch\u00fclern den Werkrealschulabschluss \u2013 einen mittleren Bildungsabschluss \u2013 und elf Sch\u00fcler den Hauptschulabschluss abgelegt. Nach dem feierlichen Einzug der Absolventen in die st\u00e4dtische Turnhalle sorgte Karsten Tklotz f\u00fcr ein erstes musikalisches Highlight mit \u201ePinguin Polka\u201c am Klavier. Rektor Thomas Schneider gratulierte den Absolventen zu ihrem Abschluss und stellte erfreut fest, viele Sch\u00fcler h\u00e4tten bereits einen Ausbildungsvertrag in der Tasche oder sich entschlossen, eine weiterf\u00fchrende Schule zu besuchen.<!--more--><\/p>\n<p>Besonders stolz wies er auf die WUN sowohl als erfolgreichen Inklusionsstandort (alle sieben M\u00e4dchen erwarben den Hauptschulabschluss) als auch die ausl\u00e4ndischen Mitsch\u00fcler Moumen und Leen Mdoov hin, die nicht nur sehr schnell Deutsch lernten, sondern auch sehr erfolgreich ihren Werkrealschulabschluss bestanden. Den Absolventen bescheinigte er ein buntes und vielseitiges Interesse: \u201e\u00dcberall blitzten Begabungen hervor.\u201c Besonderen Wert lege die WUN auf einen problemlosen \u00dcbergang von Schule in den Beruf.<\/p>\n<p>F\u00fcr feierliche Momente und G\u00e4nsehaut sorgten Sandra (Gesang) und Sadrake Domingos da Silva mit ihrem musikalischen Beitrag zun\u00e4chst \u201eImagine me\u201c und sp\u00e4ter \u201eI know who I am\u201c. B\u00fcrgermeister Stefan Schmutz gab den Absolventen mit auf den Weg: \u201eDie beruflichen Aussichten sind besser denn je.\u201c Mit dem Schulabschluss sei die Eintrittskarte in das Berufsleben gel\u00f6st, das viele M\u00f6glichkeiten offenhalte: \u201eEine Gesellschaft wird auch durch Arbeiter, Handwerker, Erzieher und Krankenpfleger zusammengehalten und am Laufen gehalten.\u201c<\/p>\n<p>Mit rockigem Liedgut setzte die Schulband das Programm fort. Die beiden Klassensprecherinnen Yaman G\u00fclkeser und Sena Yilmaz sprachen von einer wundervollen Schulzeit, in der es die Lehrer nicht immer einfach gehabt h\u00e4tten. H\u00f6hepunkt der Abschlussfeier war die Zeugnisausgabe durch Schuldirektor Thomas Schneider. Besonders und jeweils mit einem Preis geehrt wurden die Jahrgangsbesten: Deniz Lozar (Notendurchschnitt 1,5) und G\u00fclkeser Yaman (1,7). Verabschiedet wurde die langj\u00e4hrige Sekret\u00e4rin Heike Fieger-Rongisch. <em>(Quelle Text: &#8222;fase&#8220;, Mannheimer Morgen; Quelle Bilder: WRS Unterer Neckar, Online-Redaktion)<\/em><\/p>\n<div id=\"metaslider-id-3363\" style=\"max-width: 600px;\" class=\"ml-slider-3-18-4 metaslider metaslider-nivo metaslider-3363 ml-slider\">\n    <div id=\"metaslider_container_3363\">\n        <div class='slider-wrapper theme-default'><div class='ribbon'><\/div><div id='metaslider_3363' class='nivoSlider'><img loading=\"lazy\" decoding=\"async\" src=\"https:\/\/www.werkrealschule-unterer-neckar.de\/wp-content\/uploads\/2018\/07\/P1050214-600x450.jpg\" height=\"450\" width=\"600\" title=\"P1050214\" alt=\"\" class=\"slider-3363 slide-3393\" \/><img loading=\"lazy\" decoding=\"async\" src=\"https:\/\/www.werkrealschule-unterer-neckar.de\/wp-content\/uploads\/2018\/07\/P1050217-600x450.jpg\" height=\"450\" width=\"600\" title=\"P1050217\" alt=\"\" class=\"slider-3363 slide-3394\" \/><img loading=\"lazy\" decoding=\"async\" src=\"https:\/\/www.werkrealschule-unterer-neckar.de\/wp-content\/uploads\/2018\/07\/P1050222-600x450.jpg\" height=\"450\" width=\"600\" title=\"P1050222\" alt=\"\" class=\"slider-3363 slide-3395\" \/><img loading=\"lazy\" decoding=\"async\" src=\"https:\/\/www.werkrealschule-unterer-neckar.de\/wp-content\/uploads\/2018\/07\/P1050226-600x450.jpg\" height=\"450\" width=\"600\" title=\"P1050226\" alt=\"\" class=\"slider-3363 slide-3396\" \/><img loading=\"lazy\" decoding=\"async\" src=\"https:\/\/www.werkrealschule-unterer-neckar.de\/wp-content\/uploads\/2018\/07\/P1050236-600x450.jpg\" height=\"450\" width=\"600\" title=\"P1050236\" alt=\"\" class=\"slider-3363 slide-3397\" \/><img loading=\"lazy\" decoding=\"async\" src=\"https:\/\/www.werkrealschule-unterer-neckar.de\/wp-content\/uploads\/2018\/07\/P1050237-600x450.jpg\" height=\"450\" width=\"600\" title=\"P1050237\" alt=\"\" class=\"slider-3363 slide-3398\" \/><img loading=\"lazy\" decoding=\"async\" src=\"https:\/\/www.werkrealschule-unterer-neckar.de\/wp-content\/uploads\/2018\/07\/P1050247-600x450.jpg\" height=\"450\" width=\"600\" title=\"P1050247\" alt=\"\" class=\"slider-3363 slide-3399\" \/><img loading=\"lazy\" decoding=\"async\" src=\"https:\/\/www.werkrealschule-unterer-neckar.de\/wp-content\/uploads\/2018\/07\/P1050255-600x450.jpg\" height=\"450\" width=\"600\" title=\"P1050255\" alt=\"\" class=\"slider-3363 slide-3400\" \/><img loading=\"lazy\" decoding=\"async\" src=\"https:\/\/www.werkrealschule-unterer-neckar.de\/wp-content\/uploads\/2018\/07\/P1050260-600x450.jpg\" height=\"450\" width=\"600\" title=\"P1050260\" alt=\"\" class=\"slider-3363 slide-3401\" \/><img loading=\"lazy\" decoding=\"async\" src=\"https:\/\/www.werkrealschule-unterer-neckar.de\/wp-content\/uploads\/2018\/07\/P1050279-600x450.jpg\" height=\"450\" width=\"600\" title=\"P1050279\" alt=\"\" class=\"slider-3363 slide-3403\" \/><img loading=\"lazy\" decoding=\"async\" src=\"https:\/\/www.werkrealschule-unterer-neckar.de\/wp-content\/uploads\/2018\/07\/P1050288-600x450.jpg\" height=\"450\" width=\"600\" title=\"P1050288\" alt=\"\" class=\"slider-3363 slide-3404\" \/><img loading=\"lazy\" decoding=\"async\" src=\"https:\/\/www.werkrealschule-unterer-neckar.de\/wp-content\/uploads\/2018\/07\/P1050296-600x450.jpg\" height=\"450\" width=\"600\" title=\"P1050296\" alt=\"\" class=\"slider-3363 slide-3405\" \/><img loading=\"lazy\" decoding=\"async\" src=\"https:\/\/www.werkrealschule-unterer-neckar.de\/wp-content\/uploads\/2018\/07\/P1050300-600x450.jpg\" height=\"450\" width=\"600\" title=\"P1050300\" alt=\"\" class=\"slider-3363 slide-3406\" \/><img loading=\"lazy\" decoding=\"async\" src=\"https:\/\/www.werkrealschule-unterer-neckar.de\/wp-content\/uploads\/2018\/07\/P1050305-600x450.jpg\" height=\"450\" width=\"600\" title=\"P1050305\" alt=\"\" class=\"slider-3363 slide-3409\" \/><img loading=\"lazy\" decoding=\"async\" src=\"https:\/\/www.werkrealschule-unterer-neckar.de\/wp-content\/uploads\/2018\/07\/P1050315-600x450.jpg\" height=\"450\" width=\"600\" title=\"P1050315\" alt=\"\" class=\"slider-3363 slide-3410\" \/><img loading=\"lazy\" decoding=\"async\" src=\"https:\/\/www.werkrealschule-unterer-neckar.de\/wp-content\/uploads\/2018\/07\/P1050341-600x450.jpg\" height=\"450\" width=\"600\" title=\"P1050341\" alt=\"\" class=\"slider-3363 slide-3411\" \/><img loading=\"lazy\" decoding=\"async\" src=\"https:\/\/www.werkrealschule-unterer-neckar.de\/wp-content\/uploads\/2018\/07\/P1050375-600x450.jpg\" height=\"450\" width=\"600\" title=\"P1050375\" alt=\"\" class=\"slider-3363 slide-3412\" \/><img loading=\"lazy\" decoding=\"async\" src=\"https:\/\/www.werkrealschule-unterer-neckar.de\/wp-content\/uploads\/2018\/07\/P1050381-600x450.jpg\" height=\"450\" width=\"600\" title=\"P1050381\" alt=\"\" class=\"slider-3363 slide-3413\" \/><img loading=\"lazy\" decoding=\"async\" src=\"https:\/\/www.werkrealschule-unterer-neckar.de\/wp-content\/uploads\/2018\/07\/P1050391-600x450.jpg\" height=\"450\" width=\"600\" title=\"P1050391\" alt=\"\" class=\"slider-3363 slide-3414\" \/><img loading=\"lazy\" decoding=\"async\" src=\"https:\/\/www.werkrealschule-unterer-neckar.de\/wp-content\/uploads\/2018\/07\/P1050404-600x450.jpg\" height=\"450\" width=\"600\" title=\"P1050404\" alt=\"\" class=\"slider-3363 slide-3416\" \/><img loading=\"lazy\" decoding=\"async\" src=\"https:\/\/www.werkrealschule-unterer-neckar.de\/wp-content\/uploads\/2018\/07\/P1050406-600x450.jpg\" height=\"450\" width=\"600\" title=\"P1050406\" alt=\"\" class=\"slider-3363 slide-3417\" \/><img loading=\"lazy\" decoding=\"async\" src=\"https:\/\/www.werkrealschule-unterer-neckar.de\/wp-content\/uploads\/2018\/07\/P1050429-600x450.jpg\" height=\"450\" width=\"600\" title=\"P1050429\" alt=\"\" class=\"slider-3363 slide-3419\" \/><img loading=\"lazy\" decoding=\"async\" src=\"https:\/\/www.werkrealschule-unterer-neckar.de\/wp-content\/uploads\/2018\/07\/P1050447-600x450.jpg\" height=\"450\" width=\"600\" title=\"P1050447\" alt=\"\" class=\"slider-3363 slide-3420\" \/><img loading=\"lazy\" decoding=\"async\" src=\"https:\/\/www.werkrealschule-unterer-neckar.de\/wp-content\/uploads\/2018\/07\/P1050453-600x450.jpg\" height=\"450\" width=\"600\" title=\"P1050453\" alt=\"\" class=\"slider-3363 slide-3421\" \/><\/div><\/div>\n        \n    <\/div>\n<\/div>\n","protected":false},"excerpt":{"rendered":"<p>39 Sch\u00fcler verlassen die Werkrealschule mit einem Abschluss \/ B\u00fcrgermeister ermuntert Absolventen Zur Abschlussfeier 2018 hatte die Werkrealschule Unterer Neckar (WUN) Ladenburg in die st\u00e4dtische Turnhalle der Stadt eingeladen. Insgesamt hatten 28 Sch\u00fclern den Werkrealschulabschluss \u2013 einen mittleren Bildungsabschluss \u2013 und elf Sch\u00fcler den Hauptschulabschluss abgelegt. Nach dem feierlichen Einzug der Absolventen in die st\u00e4dtische [&hellip;]<\/p>\n","protected":false},"author":4,"featured_media":0,"comment_status":"closed","ping_status":"closed","sticky":false,"template":"","format":"standard","meta":{"footnotes":""},"categories":[4],"tags":[],"class_list":["post-3468","post","type-post","status-publish","format-standard","hentry","category-pressespiegel"],"_links":{"self":[{"href":"https:\/\/www.werkrealschule-unterer-neckar.de\/index.php?rest_route=\/wp\/v2\/posts\/3468","targetHints":{"allow":["GET"]}}],"collection":[{"href":"https:\/\/www.werkrealschule-unterer-neckar.de\/index.php?rest_route=\/wp\/v2\/posts"}],"about":[{"href":"https:\/\/www.werkrealschule-unterer-neckar.de\/index.php?rest_route=\/wp\/v2\/types\/post"}],"author":[{"embeddable":true,"href":"https:\/\/www.werkrealschule-unterer-neckar.de\/index.php?rest_route=\/wp\/v2\/users\/4"}],"replies":[{"embeddable":true,"href":"https:\/\/www.werkrealschule-unterer-neckar.de\/index.php?rest_route=%2Fwp%2Fv2%2Fcomments&post=3468"}],"version-history":[{"count":0,"href":"https:\/\/www.werkrealschule-unterer-neckar.de\/index.php?rest_route=\/wp\/v2\/posts\/3468\/revisions"}],"wp:attachment":[{"href":"https:\/\/www.werkrealschule-unterer-neckar.de\/index.php?rest_route=%2Fwp%2Fv2%2Fmedia&parent=3468"}],"wp:term":[{"taxonomy":"category","embeddable":true,"href":"https:\/\/www.werkrealschule-unterer-neckar.de\/index.php?rest_route=%2Fwp%2Fv2%2Fcategories&post=3468"},{"taxonomy":"post_tag","embeddable":true,"href":"https:\/\/www.werkrealschule-unterer-neckar.de\/index.php?rest_route=%2Fwp%2Fv2%2Ftags&post=3468"}],"curies":[{"name":"wp","href":"https:\/\/api.w.org\/{rel}","templated":true}]}}