{"id":6010,"date":"2021-12-15T18:44:47","date_gmt":"2021-12-15T16:44:47","guid":{"rendered":"http:\/\/www.werkrealschule-unterer-neckar.de\/?p=6010"},"modified":"2021-12-20T13:58:15","modified_gmt":"2021-12-20T11:58:15","slug":"cool-sicher-selbstbestimmt-2","status":"publish","type":"post","link":"https:\/\/www.werkrealschule-unterer-neckar.de\/?p=6010","title":{"rendered":"Cool.Sicher.Selbstbestimmt"},"content":{"rendered":"<p><strong>Unter der Leitung von Coolnesstrainer Thorsten Uns\u00f6ld lernte die Klasse 6a die Eskalation von Konfliktsituationen zu vermeiden bzw. zu beenden.<\/strong><\/p>\n<p><img loading=\"lazy\" decoding=\"async\" class=\"alignleft wp-image-5975 size-thumbnail\" src=\"http:\/\/www.werkrealschule-unterer-neckar.de\/wp-content\/uploads\/2021\/12\/P1120957-150x150.jpg\" alt=\"\" width=\"150\" height=\"150\" \/>Heute hatten wir, die Klasse 6a der Werkrealschule Unterer Neckar, ein Coolnesstraining. Dabei haben wir gelernt, wie wir mit aggressiven Situationen umgehen k\u00f6nnen.<br \/>\nDazu haben wir uns im Kreis aufgestellt und Thorsten Uns\u00f6ld von der Gesellschaft f\u00fcr Konfliktmanagement hat sich einen nach dem anderen geschnappt und versucht uns auszufragen: \u201eWie hei\u00dft du?\u201c, \u201ewo kommst du her?\u201c, \u201ewo wohnst du?\u201c. Dabei haben wir gelernt, Fremden gegen\u00fcber auf keinen Fall \u00fcber uns Auskunft zu geben. Entweder kann man falsche Sachen sagen oder ganz klar sagen, dass Fremde das nichts angeht und man nichts sagen darf.<!--more--><\/p>\n<p>Dann haben wir uns dar\u00fcber unterhalten, wer schon einmal Gewalt erfahren hat und wie es uns dabei ging. Dann sprachen wir dar\u00fcber, was jeder unter \u201ecoolem\u201c Verhalten versteht, aber auch wie leicht eine Situation eskalieren kann. Auch dazu haben wir eine \u00dcbung gemacht an der wir das hautnah erlebt haben. Hier kam der Begriff der \u201eStatuswippe\u201c ins Spiel. Wenn man im \u201eHochstatus\u201c ist, f\u00fchlt man sich oben auf, wenn man im \u201eTiefstatus\u201c ist, f\u00fchlt man sich mies. Jeder T\u00e4ter sucht sich seine Opfer, inszeniert einen Machtkampf, provoziert so lange bis der Konflikt in einer Schl\u00e4gerei eskaliert. Das gilt es in jedem Fall zu vermeiden, denn im schlimmsten Fall kann jemand schwer verletzt werden oder man kann sogar mit dem Gesetz in Konflikt kommen, was sich u.U. negativ bei einer sp\u00e4teren Bewerbung auswirken kann.<\/p>\n<div id=\"metaslider-id-5972\" style=\"max-width: 600px;\" class=\"ml-slider-3-18-4 metaslider metaslider-nivo metaslider-5972 ml-slider\">\n    <div id=\"metaslider_container_5972\">\n        <div class='slider-wrapper theme-default'><div class='ribbon'><\/div><div id='metaslider_5972' class='nivoSlider'><img loading=\"lazy\" decoding=\"async\" src=\"https:\/\/www.werkrealschule-unterer-neckar.de\/wp-content\/uploads\/2021\/12\/P1120941-scaled-600x450.jpg\" height=\"450\" width=\"600\" title=\"P1120941\" alt=\"\" class=\"slider-5972 slide-5991\" \/><img loading=\"lazy\" decoding=\"async\" src=\"https:\/\/www.werkrealschule-unterer-neckar.de\/wp-content\/uploads\/2021\/12\/P1120950-scaled-600x450.jpg\" height=\"450\" width=\"600\" title=\"P1120950\" alt=\"\" class=\"slider-5972 slide-5992\" \/><img loading=\"lazy\" decoding=\"async\" src=\"https:\/\/www.werkrealschule-unterer-neckar.de\/wp-content\/uploads\/2021\/12\/P1120957-scaled-600x450.jpg\" height=\"450\" width=\"600\" title=\"P1120957\" alt=\"\" class=\"slider-5972 slide-5993\" \/><img loading=\"lazy\" decoding=\"async\" src=\"https:\/\/www.werkrealschule-unterer-neckar.de\/wp-content\/uploads\/2021\/12\/P1120962-scaled-600x450.jpg\" height=\"450\" width=\"600\" title=\"P1120962\" alt=\"\" class=\"slider-5972 slide-5994\" \/><img loading=\"lazy\" decoding=\"async\" src=\"https:\/\/www.werkrealschule-unterer-neckar.de\/wp-content\/uploads\/2021\/12\/P1120963-scaled-600x450.jpg\" height=\"450\" width=\"600\" title=\"P1120963\" alt=\"\" class=\"slider-5972 slide-5995\" \/><img loading=\"lazy\" decoding=\"async\" src=\"https:\/\/www.werkrealschule-unterer-neckar.de\/wp-content\/uploads\/2021\/12\/P1120967-scaled-600x450.jpg\" height=\"450\" width=\"600\" title=\"P1120967\" alt=\"\" class=\"slider-5972 slide-5996\" \/><img loading=\"lazy\" decoding=\"async\" src=\"https:\/\/www.werkrealschule-unterer-neckar.de\/wp-content\/uploads\/2021\/12\/P1120973-scaled-600x450.jpg\" height=\"450\" width=\"600\" title=\"P1120973\" alt=\"\" class=\"slider-5972 slide-5997\" \/><img loading=\"lazy\" decoding=\"async\" src=\"https:\/\/www.werkrealschule-unterer-neckar.de\/wp-content\/uploads\/2021\/12\/P1120976-scaled-600x450.jpg\" height=\"450\" width=\"600\" title=\"P1120976\" alt=\"\" class=\"slider-5972 slide-5998\" \/><img loading=\"lazy\" decoding=\"async\" src=\"https:\/\/www.werkrealschule-unterer-neckar.de\/wp-content\/uploads\/2021\/12\/P1120980-scaled-600x450.jpg\" height=\"450\" width=\"600\" title=\"P1120980\" alt=\"\" class=\"slider-5972 slide-5999\" \/><img loading=\"lazy\" decoding=\"async\" src=\"https:\/\/www.werkrealschule-unterer-neckar.de\/wp-content\/uploads\/2021\/12\/P1120983-scaled-600x450.jpg\" height=\"450\" width=\"600\" title=\"P1120983\" alt=\"\" class=\"slider-5972 slide-6000\" \/><img loading=\"lazy\" decoding=\"async\" src=\"https:\/\/www.werkrealschule-unterer-neckar.de\/wp-content\/uploads\/2021\/12\/P1120985-scaled-600x450.jpg\" height=\"450\" width=\"600\" title=\"P1120985\" alt=\"\" class=\"slider-5972 slide-6001\" \/><img loading=\"lazy\" decoding=\"async\" src=\"https:\/\/www.werkrealschule-unterer-neckar.de\/wp-content\/uploads\/2021\/12\/P1120988-scaled-600x450.jpg\" height=\"450\" width=\"600\" title=\"P1120988\" alt=\"\" class=\"slider-5972 slide-6002\" \/><img loading=\"lazy\" decoding=\"async\" src=\"https:\/\/www.werkrealschule-unterer-neckar.de\/wp-content\/uploads\/2021\/12\/P1120991-scaled-600x450.jpg\" height=\"450\" width=\"600\" title=\"P1120991\" alt=\"\" class=\"slider-5972 slide-6003\" \/><img loading=\"lazy\" decoding=\"async\" src=\"https:\/\/www.werkrealschule-unterer-neckar.de\/wp-content\/uploads\/2021\/12\/P1120996-scaled-600x450.jpg\" height=\"450\" width=\"600\" title=\"P1120996\" alt=\"\" class=\"slider-5972 slide-6004\" \/><img loading=\"lazy\" decoding=\"async\" src=\"https:\/\/www.werkrealschule-unterer-neckar.de\/wp-content\/uploads\/2021\/12\/P1120997-scaled-600x450.jpg\" height=\"450\" width=\"600\" title=\"P1120997\" alt=\"\" class=\"slider-5972 slide-6005\" \/><img loading=\"lazy\" decoding=\"async\" src=\"https:\/\/www.werkrealschule-unterer-neckar.de\/wp-content\/uploads\/2021\/12\/P1130003-scaled-600x450.jpg\" height=\"450\" width=\"600\" title=\"P1130003\" alt=\"\" class=\"slider-5972 slide-6006\" \/><img loading=\"lazy\" decoding=\"async\" src=\"https:\/\/www.werkrealschule-unterer-neckar.de\/wp-content\/uploads\/2021\/12\/P1130007-scaled-600x450.jpg\" height=\"450\" width=\"600\" title=\"P1130007\" alt=\"\" class=\"slider-5972 slide-6007\" \/><img loading=\"lazy\" decoding=\"async\" src=\"https:\/\/www.werkrealschule-unterer-neckar.de\/wp-content\/uploads\/2021\/12\/P1130013-scaled-600x450.jpg\" height=\"450\" width=\"600\" title=\"P1130013\" alt=\"\" class=\"slider-5972 slide-6008\" \/><\/div><\/div>\n        \n    <\/div>\n<\/div>\n<p>Deshalb muss man lernen, einer Provokation aus dem Weg zu gehen ohne sich als Feigling zu f\u00fchlen. In der n\u00e4chsten Trainingseinheit musste daher einer nach dem anderen das Klassenzimmer durchqueren und Thorsten hat sich uns in den Weg gestellt und uns so richtig \u201eangemacht\u201c. Wir mussten dann an diesem bedrohlichen \u201eTyp\u201c vorbeikommen und an einen \u201esicheren Ort\u201c gelangen.<\/p>\n<p>\u201eCool\u201c reagieren hei\u00dft im Klartext:<\/p>\n<ul>\n<li>Abstand halten<\/li>\n<li>Selbstbewusste K\u00f6rpersprache<\/li>\n<li>Stimme einsetzen \/ Hilfe holen<\/li>\n<li>Keine Provokationen: nicht beleidigen, nicht angreifen, nicht duzen<\/li>\n<li>\u00dcberraschendes tun<\/li>\n<li>Weitergehen<\/li>\n<\/ul>\n<p>Unsere ganze Klasse fand den Tag \u00e4u\u00dferst lehrreich, vor allem die praktischen \u00dcbungen. Vielleich k\u00f6nnen wir demn\u00e4chst mal wieder so etwas machen. <em>(Quelle: WRS Unterer Neckar, Online-Redaktion)<\/em><\/p>\n","protected":false},"excerpt":{"rendered":"<p>Unter der Leitung von Coolnesstrainer Thorsten Uns\u00f6ld lernte die Klasse 6a die Eskalation von Konfliktsituationen zu vermeiden bzw. zu beenden. Heute hatten wir, die Klasse 6a der Werkrealschule Unterer Neckar, ein Coolnesstraining. Dabei haben wir gelernt, wie wir mit aggressiven Situationen umgehen k\u00f6nnen. Dazu haben wir uns im Kreis aufgestellt und Thorsten Uns\u00f6ld von der [&hellip;]<\/p>\n","protected":false},"author":4,"featured_media":0,"comment_status":"closed","ping_status":"closed","sticky":false,"template":"","format":"standard","meta":{"footnotes":""},"categories":[7],"tags":[],"class_list":["post-6010","post","type-post","status-publish","format-standard","hentry","category-online-news"],"_links":{"self":[{"href":"https:\/\/www.werkrealschule-unterer-neckar.de\/index.php?rest_route=\/wp\/v2\/posts\/6010","targetHints":{"allow":["GET"]}}],"collection":[{"href":"https:\/\/www.werkrealschule-unterer-neckar.de\/index.php?rest_route=\/wp\/v2\/posts"}],"about":[{"href":"https:\/\/www.werkrealschule-unterer-neckar.de\/index.php?rest_route=\/wp\/v2\/types\/post"}],"author":[{"embeddable":true,"href":"https:\/\/www.werkrealschule-unterer-neckar.de\/index.php?rest_route=\/wp\/v2\/users\/4"}],"replies":[{"embeddable":true,"href":"https:\/\/www.werkrealschule-unterer-neckar.de\/index.php?rest_route=%2Fwp%2Fv2%2Fcomments&post=6010"}],"version-history":[{"count":0,"href":"https:\/\/www.werkrealschule-unterer-neckar.de\/index.php?rest_route=\/wp\/v2\/posts\/6010\/revisions"}],"wp:attachment":[{"href":"https:\/\/www.werkrealschule-unterer-neckar.de\/index.php?rest_route=%2Fwp%2Fv2%2Fmedia&parent=6010"}],"wp:term":[{"taxonomy":"category","embeddable":true,"href":"https:\/\/www.werkrealschule-unterer-neckar.de\/index.php?rest_route=%2Fwp%2Fv2%2Fcategories&post=6010"},{"taxonomy":"post_tag","embeddable":true,"href":"https:\/\/www.werkrealschule-unterer-neckar.de\/index.php?rest_route=%2Fwp%2Fv2%2Ftags&post=6010"}],"curies":[{"name":"wp","href":"https:\/\/api.w.org\/{rel}","templated":true}]}}